{"id":60851,"date":"2025-10-12T00:34:45","date_gmt":"2025-10-11T21:34:45","guid":{"rendered":"https:\/\/www.egemtv.com\/?p=60851"},"modified":"2025-10-12T00:34:47","modified_gmt":"2025-10-11T21:34:47","slug":"seydikemerde-olumlu-kaza","status":"publish","type":"post","link":"https:\/\/www.egemtv.com\/?p=60851","title":{"rendered":"Seydikemer\u2019de \u00f6l\u00fcml\u00fc kaza"},"content":{"rendered":"<p>Mu\u011fla\u2019n\u0131n Seydikemer il\u00e7esinde otomobil ile motosikletin kar\u0131\u015ft\u0131\u011f\u0131 kazada motosiklet s\u00fcr\u00fcc\u00fcs\u00fc kald\u0131r\u0131ld\u0131\u011f\u0131 hastanede ya\u015fam\u0131n\u0131 yitirdi.<br \/>\n<br \/>Edinilen bilgiye g\u00f6re, Seldikemer Ceylan Mahallesi Karabel mevkisinde Tunceli \u0130l Jandarma Komutanl\u0131\u011f\u0131 KOM \u015eube M\u00fcd\u00fcr\u00fc \u00dcste\u011fmen Mustafa Y. y\u00f6netimindeki 34 KPP 834 plakal\u0131 otomobil ile Kas\u0131m G\u00fcrhan y\u00f6netimindeki 07 CAJ 274 plakal\u0131 motosiklet \u00e7arp\u0131\u015ft\u0131.<br \/>\n<br \/>Kazay\u0131 g\u00f6renlerin 112 Acil \u00c7a\u011fr\u0131 Merkezine bilgi vermesi \u00fczerine b\u00f6lgeye sa\u011fl\u0131k ve jandarma ekipleri sevk edildi. Kazada a\u011f\u0131r yaralanan motosiklet s\u00fcr\u00fcc\u00fcs\u00fc Seydikemer Devlet Hastanesine sevk edildi. Motosiklet s\u00fcr\u00fcc\u00fcs\u00fc Kas\u0131m G\u00fcrhan hastanede yap\u0131lan t\u00fcm m\u00fcdahaleyi ra\u011fmen kurtar\u0131lamad\u0131. Kaza ile ilgili soru\u015fturma ba\u015flat\u0131ld\u0131.<br \/><\/p>\n","protected":false},"excerpt":{"rendered":"<p>Mu\u011fla\u2019n\u0131n Seydikemer il\u00e7esinde otomobil ile motosikletin kar\u0131\u015ft\u0131\u011f\u0131 kazada motosiklet s\u00fcr\u00fcc\u00fcs\u00fc kald\u0131r\u0131ld\u0131\u011f\u0131 hastanede ya\u015fam\u0131n\u0131 yitirdi. Edinilen bilgiye g\u00f6re, Seldikemer Ceylan Mahallesi Karabel mevkisinde Tunceli \u0130l Jandarma Komutanl\u0131\u011f\u0131 KOM \u015eube M\u00fcd\u00fcr\u00fc \u00dcste\u011fmen Mustafa Y. y\u00f6netimindeki 34 KPP 834 plakal\u0131 otomobil ile Kas\u0131m G\u00fcrhan y\u00f6netimindeki 07 CAJ 274 plakal\u0131 motosiklet \u00e7arp\u0131\u015ft\u0131. Kazay\u0131 g\u00f6renlerin 112 Acil \u00c7a\u011fr\u0131 Merkezine bilgi&#8230;<\/p>\n","protected":false},"author":1,"featured_media":60852,"comment_status":"open","ping_status":"open","sticky":false,"template":"","format":"standard","meta":{"_crdt_document":"","footnotes":""},"categories":[5],"tags":[],"class_list":["post-60851","post","type-post","status-publish","format-standard","has-post-thumbnail","hentry","category-asayis"],"_links":{"self":[{"href":"https:\/\/www.egemtv.com\/index.php?rest_route=\/wp\/v2\/posts\/60851","targetHints":{"allow":["GET"]}}],"collection":[{"href":"https:\/\/www.egemtv.com\/index.php?rest_route=\/wp\/v2\/posts"}],"about":[{"href":"https:\/\/www.egemtv.com\/index.php?rest_route=\/wp\/v2\/types\/post"}],"author":[{"embeddable":true,"href":"https:\/\/www.egemtv.com\/index.php?rest_route=\/wp\/v2\/users\/1"}],"replies":[{"embeddable":true,"href":"https:\/\/www.egemtv.com\/index.php?rest_route=%2Fwp%2Fv2%2Fcomments&post=60851"}],"version-history":[{"count":1,"href":"https:\/\/www.egemtv.com\/index.php?rest_route=\/wp\/v2\/posts\/60851\/revisions"}],"predecessor-version":[{"id":60853,"href":"https:\/\/www.egemtv.com\/index.php?rest_route=\/wp\/v2\/posts\/60851\/revisions\/60853"}],"wp:featuredmedia":[{"embeddable":true,"href":"https:\/\/www.egemtv.com\/index.php?rest_route=\/wp\/v2\/media\/60852"}],"wp:attachment":[{"href":"https:\/\/www.egemtv.com\/index.php?rest_route=%2Fwp%2Fv2%2Fmedia&parent=60851"}],"wp:term":[{"taxonomy":"category","embeddable":true,"href":"https:\/\/www.egemtv.com\/index.php?rest_route=%2Fwp%2Fv2%2Fcategories&post=60851"},{"taxonomy":"post_tag","embeddable":true,"href":"https:\/\/www.egemtv.com\/index.php?rest_route=%2Fwp%2Fv2%2Ftags&post=60851"}],"curies":[{"name":"wp","href":"https:\/\/api.w.org\/{rel}","templated":true}]}}