{"id":60848,"date":"2025-10-12T00:34:43","date_gmt":"2025-10-11T21:34:43","guid":{"rendered":"https:\/\/www.egemtv.com\/?p=60848"},"modified":"2025-10-12T00:34:44","modified_gmt":"2025-10-11T21:34:44","slug":"kaza-yaptiklari-araci-birakip-kactilar-kaza-ani-guvenlik-kamerasinda","status":"publish","type":"post","link":"https:\/\/www.egemtv.com\/?p=60848","title":{"rendered":"Kaza yapt\u0131klar\u0131 arac\u0131 b\u0131rak\u0131p ka\u00e7t\u0131lar: Kaza an\u0131 g\u00fcvenlik kameras\u0131nda"},"content":{"rendered":"<p>Manisa\u2019n\u0131n Ala\u015fehir il\u00e7esinde kav\u015fakta drift atarak ilerleyen bir ara\u00e7 s\u00fcr\u00fcc\u00fcs\u00fcn\u00fcn kontrol\u00fcn\u00fc kaybetmesi sonras\u0131 \u00f6nce ref\u00fcjdeki dire\u011fe ard\u0131ndan da park halindeki motosikletlere \u00e7arparak durdu. G\u00fcvenlik kameralar\u0131na yans\u0131yan kaza sonras\u0131 ara\u00e7 s\u00fcr\u00fcc\u00fcs\u00fc ve arac\u0131n i\u00e7inde bulunan 2 ki\u015fi arac\u0131 da b\u0131rakarak olay yerinden ka\u00e7arken \u00fczerine gelen otomobili fark eden bir yaya arac\u0131n alt\u0131nda kalmaktan son anda kurtuldu.<br \/>\n<br \/>Kaza 10 Ekim g\u00fcn\u00fc Manisa\u2019n\u0131n Ala\u015fehir il\u00e7esi Atat\u00fcrk Bulvar\u0131 \u00fczerinde meydana geldi. Edinilen bilgiye g\u00f6re 35 P 8537 plakal\u0131 otomobille kav\u015fakta drift atarak ilerleyen A.A. (24) kontrol\u00fc kaybederek \u00f6nce ref\u00fcjdeki dire\u011fe ard\u0131ndan da park halindeki motosikletlere \u00e7arpt\u0131. Kaza sonras\u0131 korkuya kap\u0131lan A.A. ve ara\u00e7taki 2 ki\u015fi arac\u0131 da b\u0131rakarak h\u0131zla b\u00f6lgeden uzakla\u015ft\u0131. B\u00f6lgede \u00e7al\u0131\u015fma ba\u015flatan polis ekipleri tespit ettikleri A.A.\u2019y\u0131 yakalayarak g\u00f6zalt\u0131na ald\u0131.<\/p>\n<p>Kaza an\u0131 g\u00fcvenlik kameras\u0131nda<br \/>\n<br \/>\u00d6te yandan kaza an\u0131 g\u00fcvenlik kameralar\u0131 taraf\u0131ndan saniye saniye kaydedildi. G\u00fcvenlik kameralar\u0131na yans\u0131yan kazada arac\u0131n drift att\u0131ktan sonra \u00f6nce dire\u011fe ard\u0131ndan motosikletlere \u00e7arpt\u0131\u011f\u0131, sonras\u0131nda ise kaza sonras\u0131 ara\u00e7ta bulunan ara\u00e7 s\u00fcr\u00fcc\u00fcs\u00fc ile bir erke\u011fin korkarak h\u0131zla ka\u00e7t\u0131\u011f\u0131 g\u00f6r\u00fcl\u00fcrken kaza yapan ara\u00e7tan inen bir kad\u0131n\u0131n g\u00fclerek olay yerinden ayr\u0131lmas\u0131 dikkat \u00e7ekti. Ayr\u0131ca g\u00f6r\u00fcnt\u00fclerde \u00fczerine gelen otomobili fark eden bir yayan\u0131n arac\u0131n alt\u0131nda kalmaktan son anda kurtulmas\u0131 yer al\u0131yor.<br \/><\/p>\n","protected":false},"excerpt":{"rendered":"<p>Manisa\u2019n\u0131n Ala\u015fehir il\u00e7esinde kav\u015fakta drift atarak ilerleyen bir ara\u00e7 s\u00fcr\u00fcc\u00fcs\u00fcn\u00fcn kontrol\u00fcn\u00fc kaybetmesi sonras\u0131 \u00f6nce ref\u00fcjdeki dire\u011fe ard\u0131ndan da park halindeki motosikletlere \u00e7arparak durdu. G\u00fcvenlik kameralar\u0131na yans\u0131yan kaza sonras\u0131 ara\u00e7 s\u00fcr\u00fcc\u00fcs\u00fc ve arac\u0131n i\u00e7inde bulunan 2 ki\u015fi arac\u0131 da b\u0131rakarak olay yerinden ka\u00e7arken \u00fczerine gelen otomobili fark eden bir yaya arac\u0131n alt\u0131nda kalmaktan son anda kurtuldu&#8230;.<\/p>\n","protected":false},"author":1,"featured_media":60849,"comment_status":"open","ping_status":"open","sticky":false,"template":"","format":"standard","meta":{"_crdt_document":"","footnotes":""},"categories":[5],"tags":[],"class_list":["post-60848","post","type-post","status-publish","format-standard","has-post-thumbnail","hentry","category-asayis"],"_links":{"self":[{"href":"https:\/\/www.egemtv.com\/index.php?rest_route=\/wp\/v2\/posts\/60848","targetHints":{"allow":["GET"]}}],"collection":[{"href":"https:\/\/www.egemtv.com\/index.php?rest_route=\/wp\/v2\/posts"}],"about":[{"href":"https:\/\/www.egemtv.com\/index.php?rest_route=\/wp\/v2\/types\/post"}],"author":[{"embeddable":true,"href":"https:\/\/www.egemtv.com\/index.php?rest_route=\/wp\/v2\/users\/1"}],"replies":[{"embeddable":true,"href":"https:\/\/www.egemtv.com\/index.php?rest_route=%2Fwp%2Fv2%2Fcomments&post=60848"}],"version-history":[{"count":1,"href":"https:\/\/www.egemtv.com\/index.php?rest_route=\/wp\/v2\/posts\/60848\/revisions"}],"predecessor-version":[{"id":60850,"href":"https:\/\/www.egemtv.com\/index.php?rest_route=\/wp\/v2\/posts\/60848\/revisions\/60850"}],"wp:featuredmedia":[{"embeddable":true,"href":"https:\/\/www.egemtv.com\/index.php?rest_route=\/wp\/v2\/media\/60849"}],"wp:attachment":[{"href":"https:\/\/www.egemtv.com\/index.php?rest_route=%2Fwp%2Fv2%2Fmedia&parent=60848"}],"wp:term":[{"taxonomy":"category","embeddable":true,"href":"https:\/\/www.egemtv.com\/index.php?rest_route=%2Fwp%2Fv2%2Fcategories&post=60848"},{"taxonomy":"post_tag","embeddable":true,"href":"https:\/\/www.egemtv.com\/index.php?rest_route=%2Fwp%2Fv2%2Ftags&post=60848"}],"curies":[{"name":"wp","href":"https:\/\/api.w.org\/{rel}","templated":true}]}}