{"id":60845,"date":"2025-10-11T23:54:52","date_gmt":"2025-10-11T20:54:52","guid":{"rendered":"https:\/\/www.egemtv.com\/?p=60845"},"modified":"2025-10-11T23:54:53","modified_gmt":"2025-10-11T20:54:53","slug":"denizlide-insaat-iscileri-arasinda-malzeme-kavgasi-1-olu-1-yaralandi","status":"publish","type":"post","link":"https:\/\/www.egemtv.com\/?p=60845","title":{"rendered":"Denizli\u2019de in\u015faat i\u015f\u00e7ileri aras\u0131nda malzeme kavgas\u0131: 1 \u00f6l\u00fc, 1 yaraland\u0131"},"content":{"rendered":"<p>Denizli\u2019de in\u015faat malzemesi payla\u015f\u0131m\u0131 sebebiyle i\u015f\u00e7iler aras\u0131nda \u00e7\u0131kan silahl\u0131 kavgada, 1 ki\u015fi hayat\u0131n\u0131 kaybetti, 1 ki\u015fi yaraland\u0131.<br \/>\n<br \/>Olay, Merkezefendi il\u00e7esi G\u00fcm\u00fc\u015f\u00e7ay Mahallesi\u2019nde bulunan in\u015faat alan\u0131nda meydana geldi. Edinilen bilgilere g\u00f6re, iki grup aras\u0131nda in\u015faat malzemesi payla\u015f\u0131m\u0131 sebebiyle tart\u0131\u015fma \u00e7\u0131kt\u0131. Tart\u0131\u015fman\u0131n kavgaya d\u00f6n\u00fc\u015fmesi \u00fczerine Halil B., yan\u0131nda bulunan silahla rastgele ate\u015f a\u00e7mas\u0131yla \u00d6mer Kandemir (31) ve karde\u015fi \u00d6nder Kandemir yaraland\u0131. \u00c7evredeki vatanda\u015flar\u0131n ihbar\u0131 \u00fczerine olay yerine \u00e7ok say\u0131da polis ve sa\u011fl\u0131k ekibi sevk edildi. Sa\u011fl\u0131k ekipleri taraf\u0131ndan olay yerinde ilk m\u00fcdahaleleri tamamlanan karde\u015fler a\u011f\u0131r yaral\u0131 olarak ambulansla Denizli Devlet Hastanesine sevk edildi. \u00d6mer Kandemir, doktorlar\u0131n t\u00fcm m\u00fcdahalesine ra\u011fmen kurtar\u0131lamad\u0131.<br \/>\n<br \/>Olay yerinden ka\u00e7an \u015f\u00fcpheli Halil B.\u2019yi yakalamak i\u00e7in \u00e7al\u0131\u015fma ba\u015flat\u0131ld\u0131.<br \/>\n<br \/>Olayla ilgili soru\u015fturma ba\u015flat\u0131ld\u0131.<br \/><\/p>\n","protected":false},"excerpt":{"rendered":"<p>Denizli\u2019de in\u015faat malzemesi payla\u015f\u0131m\u0131 sebebiyle i\u015f\u00e7iler aras\u0131nda \u00e7\u0131kan silahl\u0131 kavgada, 1 ki\u015fi hayat\u0131n\u0131 kaybetti, 1 ki\u015fi yaraland\u0131. Olay, Merkezefendi il\u00e7esi G\u00fcm\u00fc\u015f\u00e7ay Mahallesi\u2019nde bulunan in\u015faat alan\u0131nda meydana geldi. Edinilen bilgilere g\u00f6re, iki grup aras\u0131nda in\u015faat malzemesi payla\u015f\u0131m\u0131 sebebiyle tart\u0131\u015fma \u00e7\u0131kt\u0131. Tart\u0131\u015fman\u0131n kavgaya d\u00f6n\u00fc\u015fmesi \u00fczerine Halil B., yan\u0131nda bulunan silahla rastgele ate\u015f a\u00e7mas\u0131yla \u00d6mer Kandemir (31) ve&#8230;<\/p>\n","protected":false},"author":1,"featured_media":60846,"comment_status":"open","ping_status":"open","sticky":false,"template":"","format":"standard","meta":{"_crdt_document":"","footnotes":""},"categories":[5],"tags":[],"class_list":["post-60845","post","type-post","status-publish","format-standard","has-post-thumbnail","hentry","category-asayis"],"_links":{"self":[{"href":"https:\/\/www.egemtv.com\/index.php?rest_route=\/wp\/v2\/posts\/60845","targetHints":{"allow":["GET"]}}],"collection":[{"href":"https:\/\/www.egemtv.com\/index.php?rest_route=\/wp\/v2\/posts"}],"about":[{"href":"https:\/\/www.egemtv.com\/index.php?rest_route=\/wp\/v2\/types\/post"}],"author":[{"embeddable":true,"href":"https:\/\/www.egemtv.com\/index.php?rest_route=\/wp\/v2\/users\/1"}],"replies":[{"embeddable":true,"href":"https:\/\/www.egemtv.com\/index.php?rest_route=%2Fwp%2Fv2%2Fcomments&post=60845"}],"version-history":[{"count":1,"href":"https:\/\/www.egemtv.com\/index.php?rest_route=\/wp\/v2\/posts\/60845\/revisions"}],"predecessor-version":[{"id":60847,"href":"https:\/\/www.egemtv.com\/index.php?rest_route=\/wp\/v2\/posts\/60845\/revisions\/60847"}],"wp:featuredmedia":[{"embeddable":true,"href":"https:\/\/www.egemtv.com\/index.php?rest_route=\/wp\/v2\/media\/60846"}],"wp:attachment":[{"href":"https:\/\/www.egemtv.com\/index.php?rest_route=%2Fwp%2Fv2%2Fmedia&parent=60845"}],"wp:term":[{"taxonomy":"category","embeddable":true,"href":"https:\/\/www.egemtv.com\/index.php?rest_route=%2Fwp%2Fv2%2Fcategories&post=60845"},{"taxonomy":"post_tag","embeddable":true,"href":"https:\/\/www.egemtv.com\/index.php?rest_route=%2Fwp%2Fv2%2Ftags&post=60845"}],"curies":[{"name":"wp","href":"https:\/\/api.w.org\/{rel}","templated":true}]}}