{"id":60842,"date":"2025-10-11T23:37:21","date_gmt":"2025-10-11T20:37:21","guid":{"rendered":"https:\/\/www.egemtv.com\/?p=60842"},"modified":"2025-10-11T23:37:22","modified_gmt":"2025-10-11T20:37:22","slug":"motosikletten-dusen-genc-hastanedeki-yasam-mucadelesi-kaybetti","status":"publish","type":"post","link":"https:\/\/www.egemtv.com\/?p=60842","title":{"rendered":"Motosikletten d\u00fc\u015fen gen\u00e7 hastanedeki ya\u015fam m\u00fccadelesi kaybetti"},"content":{"rendered":"<p>Denizli\u2019de motosikletten d\u00fc\u015ferek a\u011f\u0131r yaralanan 15 ya\u015f\u0131ndaki gen\u00e7, hastanedeki ya\u015fam m\u00fccadelesini kaybetti.<br \/>\n<br \/>Kaza,10 Ekim Cuma g\u00fcn\u00fc Ac\u0131payam il\u00e7esi Okul Caddesinde meydana geldi. Edinilen bilgilere g\u00f6re, Turhan \u00c7elen (15), plakas\u0131 hen\u00fcz \u00f6\u011frenilemeyen idaresindeki motosiklet ile seyir halindeyken direksiyon hakimiyetini kaybederek d\u00fc\u015ft\u00fc. \u00c7evredeki vatanda\u015flar\u0131n ihbar\u0131 \u00fczerine olay yerine sa\u011fl\u0131k ekipleri sevk edildi. Sa\u011fl\u0131k ekipleri taraf\u0131ndan olay yerinde ilk m\u00fcdahalesi yap\u0131lan gen\u00e7, ambulansla hastaneye kald\u0131r\u0131ld\u0131. Hastanede ya\u015fam m\u00fccadelesi veren gen\u00e7ten bug\u00fcn ac\u0131 haber geldi. 15 ya\u015f\u0131ndaki Turhan \u00c7elen, doktorlar\u0131n t\u00fcm m\u00fcdahalesine ra\u011fmen kurtar\u0131lamad\u0131.<br \/>\n<br \/>Kazayla ilgili ba\u015flat\u0131lan soru\u015fturma s\u00fcr\u00fcyor.<br \/><\/p>\n","protected":false},"excerpt":{"rendered":"<p>Denizli\u2019de motosikletten d\u00fc\u015ferek a\u011f\u0131r yaralanan 15 ya\u015f\u0131ndaki gen\u00e7, hastanedeki ya\u015fam m\u00fccadelesini kaybetti. Kaza,10 Ekim Cuma g\u00fcn\u00fc Ac\u0131payam il\u00e7esi Okul Caddesinde meydana geldi. Edinilen bilgilere g\u00f6re, Turhan \u00c7elen (15), plakas\u0131 hen\u00fcz \u00f6\u011frenilemeyen idaresindeki motosiklet ile seyir halindeyken direksiyon hakimiyetini kaybederek d\u00fc\u015ft\u00fc. \u00c7evredeki vatanda\u015flar\u0131n ihbar\u0131 \u00fczerine olay yerine sa\u011fl\u0131k ekipleri sevk edildi. Sa\u011fl\u0131k ekipleri taraf\u0131ndan olay yerinde&#8230;<\/p>\n","protected":false},"author":1,"featured_media":60843,"comment_status":"open","ping_status":"open","sticky":false,"template":"","format":"standard","meta":{"_crdt_document":"","footnotes":""},"categories":[5],"tags":[],"class_list":["post-60842","post","type-post","status-publish","format-standard","has-post-thumbnail","hentry","category-asayis"],"_links":{"self":[{"href":"https:\/\/www.egemtv.com\/index.php?rest_route=\/wp\/v2\/posts\/60842","targetHints":{"allow":["GET"]}}],"collection":[{"href":"https:\/\/www.egemtv.com\/index.php?rest_route=\/wp\/v2\/posts"}],"about":[{"href":"https:\/\/www.egemtv.com\/index.php?rest_route=\/wp\/v2\/types\/post"}],"author":[{"embeddable":true,"href":"https:\/\/www.egemtv.com\/index.php?rest_route=\/wp\/v2\/users\/1"}],"replies":[{"embeddable":true,"href":"https:\/\/www.egemtv.com\/index.php?rest_route=%2Fwp%2Fv2%2Fcomments&post=60842"}],"version-history":[{"count":1,"href":"https:\/\/www.egemtv.com\/index.php?rest_route=\/wp\/v2\/posts\/60842\/revisions"}],"predecessor-version":[{"id":60844,"href":"https:\/\/www.egemtv.com\/index.php?rest_route=\/wp\/v2\/posts\/60842\/revisions\/60844"}],"wp:featuredmedia":[{"embeddable":true,"href":"https:\/\/www.egemtv.com\/index.php?rest_route=\/wp\/v2\/media\/60843"}],"wp:attachment":[{"href":"https:\/\/www.egemtv.com\/index.php?rest_route=%2Fwp%2Fv2%2Fmedia&parent=60842"}],"wp:term":[{"taxonomy":"category","embeddable":true,"href":"https:\/\/www.egemtv.com\/index.php?rest_route=%2Fwp%2Fv2%2Fcategories&post=60842"},{"taxonomy":"post_tag","embeddable":true,"href":"https:\/\/www.egemtv.com\/index.php?rest_route=%2Fwp%2Fv2%2Ftags&post=60842"}],"curies":[{"name":"wp","href":"https:\/\/api.w.org\/{rel}","templated":true}]}}