{"id":60839,"date":"2025-10-11T21:54:36","date_gmt":"2025-10-11T18:54:36","guid":{"rendered":"https:\/\/www.egemtv.com\/?p=60839"},"modified":"2025-10-11T21:54:38","modified_gmt":"2025-10-11T18:54:38","slug":"tavsanlida-yapimi-tamamlanan-ilkokul-hizmete-acildi","status":"publish","type":"post","link":"https:\/\/www.egemtv.com\/?p=60839","title":{"rendered":"Tav\u015fanl\u0131\u2019da yap\u0131m\u0131 tamamlanan ilkokul hizmete a\u00e7\u0131ld\u0131"},"content":{"rendered":"<p>K\u00fctahya\u2019n\u0131n Tav\u015fanl\u0131 il\u00e7esine ba\u011fl\u0131 Kayaaras\u0131 k\u00f6y\u00fcnde yap\u0131m\u0131 tamamlanan \u015eehit \u00d6\u011fretmen Mustafa \u00c7a\u011flar \u0130lkokulu, t\u00f6renle hizmete a\u00e7\u0131ld\u0131.<br \/>\n<br \/>\u0130lkokulun a\u00e7\u0131l\u0131\u015f t\u00f6renine, K\u00fctahya Valisi Musa I\u015f\u0131n, AK Parti K\u00fctahya milletvekilleri Mehmet Demir ve Adil Bi\u00e7er, Tav\u015fanl\u0131 Kaymakam\u0131 \u00d6mer Faruk \u00d6zdemir, \u0130l Genel Meclis Ba\u015fkan\u0131 Muammer \u00d6zcura, \u0130l Genel Sekreteri M\u00fccahit Eracar, AK Parti \u0130l\u00e7e Ba\u015fkan\u0131 Himmet \u00d6zer, MHP \u0130l\u00e7e Ba\u015fkan\u0131 K\u00fcr\u015fat \u00d6zta\u015f, i\u015f adam\u0131 S\u00fcleyman Y\u0131lmaz ve \u00e7ok say\u0131da davetli kat\u0131ld\u0131.<br \/>\n<br \/>Milletvekili Demir, e\u011fitimin \u00f6nemine vurgu yaparak, &#8220;Bug\u00fcn, devlet-millet i\u015f birli\u011finin en g\u00fczel \u00f6rneklerinden birine daha \u015fahitlik ediyoruz. 2024-2025 E\u011fitim \u00d6\u011fretim Y\u0131l\u0131 ba\u015f\u0131nda hizmete ba\u015flayan okulumuzun; yavrular\u0131m\u0131za, k\u00f6y halk\u0131m\u0131za ve il\u00e7emize hay\u0131rl\u0131 olmas\u0131n\u0131 diliyorum. E\u011fitime yap\u0131lan her yat\u0131r\u0131m, g\u00fc\u00e7l\u00fc bir gelece\u011fin teminat\u0131d\u0131r&#8221; ifadelerini kulland\u0131.<br \/><\/p>\n","protected":false},"excerpt":{"rendered":"<p>K\u00fctahya\u2019n\u0131n Tav\u015fanl\u0131 il\u00e7esine ba\u011fl\u0131 Kayaaras\u0131 k\u00f6y\u00fcnde yap\u0131m\u0131 tamamlanan \u015eehit \u00d6\u011fretmen Mustafa \u00c7a\u011flar \u0130lkokulu, t\u00f6renle hizmete a\u00e7\u0131ld\u0131. \u0130lkokulun a\u00e7\u0131l\u0131\u015f t\u00f6renine, K\u00fctahya Valisi Musa I\u015f\u0131n, AK Parti K\u00fctahya milletvekilleri Mehmet Demir ve Adil Bi\u00e7er, Tav\u015fanl\u0131 Kaymakam\u0131 \u00d6mer Faruk \u00d6zdemir, \u0130l Genel Meclis Ba\u015fkan\u0131 Muammer \u00d6zcura, \u0130l Genel Sekreteri M\u00fccahit Eracar, AK Parti \u0130l\u00e7e Ba\u015fkan\u0131 Himmet \u00d6zer, MHP&#8230;<\/p>\n","protected":false},"author":1,"featured_media":60840,"comment_status":"open","ping_status":"open","sticky":false,"template":"","format":"standard","meta":{"_crdt_document":"","footnotes":""},"categories":[1],"tags":[],"class_list":["post-60839","post","type-post","status-publish","format-standard","has-post-thumbnail","hentry","category-guncel"],"_links":{"self":[{"href":"https:\/\/www.egemtv.com\/index.php?rest_route=\/wp\/v2\/posts\/60839","targetHints":{"allow":["GET"]}}],"collection":[{"href":"https:\/\/www.egemtv.com\/index.php?rest_route=\/wp\/v2\/posts"}],"about":[{"href":"https:\/\/www.egemtv.com\/index.php?rest_route=\/wp\/v2\/types\/post"}],"author":[{"embeddable":true,"href":"https:\/\/www.egemtv.com\/index.php?rest_route=\/wp\/v2\/users\/1"}],"replies":[{"embeddable":true,"href":"https:\/\/www.egemtv.com\/index.php?rest_route=%2Fwp%2Fv2%2Fcomments&post=60839"}],"version-history":[{"count":1,"href":"https:\/\/www.egemtv.com\/index.php?rest_route=\/wp\/v2\/posts\/60839\/revisions"}],"predecessor-version":[{"id":60841,"href":"https:\/\/www.egemtv.com\/index.php?rest_route=\/wp\/v2\/posts\/60839\/revisions\/60841"}],"wp:featuredmedia":[{"embeddable":true,"href":"https:\/\/www.egemtv.com\/index.php?rest_route=\/wp\/v2\/media\/60840"}],"wp:attachment":[{"href":"https:\/\/www.egemtv.com\/index.php?rest_route=%2Fwp%2Fv2%2Fmedia&parent=60839"}],"wp:term":[{"taxonomy":"category","embeddable":true,"href":"https:\/\/www.egemtv.com\/index.php?rest_route=%2Fwp%2Fv2%2Fcategories&post=60839"},{"taxonomy":"post_tag","embeddable":true,"href":"https:\/\/www.egemtv.com\/index.php?rest_route=%2Fwp%2Fv2%2Ftags&post=60839"}],"curies":[{"name":"wp","href":"https:\/\/api.w.org\/{rel}","templated":true}]}}