{"id":60833,"date":"2025-10-11T19:55:01","date_gmt":"2025-10-11T16:55:01","guid":{"rendered":"https:\/\/www.egemtv.com\/?p=60833"},"modified":"2025-10-11T19:55:04","modified_gmt":"2025-10-11T16:55:04","slug":"kutahya-emir-sultan-yatili-erkek-kuran-kursunun-ek-bina-insaati-basladi","status":"publish","type":"post","link":"https:\/\/www.egemtv.com\/?p=60833","title":{"rendered":"K\u00fctahya Emir Sultan Yat\u0131l\u0131 Erkek Kur\u2019an Kursu\u2019nun ek bina in\u015faat\u0131 ba\u015flad\u0131"},"content":{"rendered":"<p>K\u00fctahya\u2019da Emir Sultan Yat\u0131l\u0131 Erkek Kur\u2019an Kursu\u2019na 140 \u00f6\u011frenci kapasiteli yeni ek binan\u0131n in\u015faat\u0131na ba\u015fland\u0131.<br \/>\n<br \/>Ek binan\u0131n plan ve projesine katk\u0131s\u0131 olan K\u00fctahya Kadim Vakf\u0131 Ba\u015fkan\u0131 Mustafa \u00d6nsay, temel atma t\u00f6reninde yapt\u0131\u011f\u0131 konu\u015fmada, Emir Sultan Erkek Yat\u0131l\u0131 Kur\u2019an Kursu\u2019nun 8 y\u0131ll\u0131k s\u00fcre\u00e7te \u00f6nemli ba\u015far\u0131lara imza att\u0131\u011f\u0131n\u0131 belirterek, &#8220;K\u00fctahya\u2019da bir grup hay\u0131rseverin \u00f6nc\u00fcl\u00fc\u011f\u00fcnde bu g\u00fczel hizmet devam ediyor. \u00d6\u011frencilerimiz hem \u0130mam Hatip Lisesi\u2019nde e\u011fitim al\u0131yor hem de burada haf\u0131zl\u0131klar\u0131n\u0131 tamaml\u0131yorlar. Kur\u2019an okuma ve haf\u0131zl\u0131k yar\u0131\u015fmalar\u0131nda T\u00fcrkiye dereceleri elde eden kursumuz, K\u00fctahya\u2019n\u0131n medar\u0131 iftihar\u0131 oldu&#8221; dedi.<br \/>\n<br \/>\u00d6nsay, mevcut binan\u0131n 60 \u00f6\u011frenci kapasitesine sahip oldu\u011funu ve bu nedenle yeni bir binaya ihtiya\u00e7 duyuldu\u011funu ifade ederek, &#8220;Yeni binam\u0131z tamamland\u0131\u011f\u0131nda 140 \u00f6\u011frenci ayn\u0131 anda konaklayabilecek. K\u00fctahya\u2019daki t\u00fcm hay\u0131rseverlerimizi bu hay\u0131rl\u0131 i\u015fe destek olmaya davet ediyorum. Haf\u0131zl\u0131k \u00e7ok k\u0131ymetli bir e\u011fitimdir; bu \u00e7ocuklar\u0131m\u0131z gelecekte \u00fclkemize b\u00fcy\u00fck hizmetler yapacaklar&#8221; diye konu\u015ftu.<br \/>\n<br \/>K\u00fctahya Emir Sultan Kur\u2019an Kursu Yapt\u0131rma ve Ya\u015fatma Derne\u011fi Ba\u015fkan Yard\u0131mc\u0131s\u0131 Halil Sar\u0131 ise, &#8220;140 ki\u015fi kapasiteli yat\u0131l\u0131 kurs binam\u0131z\u0131n temelini at\u0131yoruz. T\u00fcm hay\u0131rseverlerimizin deste\u011fini bekliyoruz. Yard\u0131m eden herkesten Allah raz\u0131 olsun&#8221; ifadelerini kulland\u0131.<br \/>\n<br \/>T\u00f6rende, Ulu Camii \u0130mam Hatibi Mehmet Ali Sar\u0131\u2019n\u0131n duas\u0131n\u0131n ard\u0131ndan ek bina in\u015faat\u0131n\u0131n temeli, Kadim Vakf\u0131 Ba\u015fkan\u0131 Mustafa \u00d6nsay, K\u00fctahya \u0130l Genel Meclisi \u00fcyesi Muhterem K\u0131l\u0131\u00e7 ve mahalle esnaflar\u0131ndan Y\u0131lmaz Kocat\u00fcrk taraf\u0131ndan at\u0131ld\u0131.<br \/>\n<br \/>Ek binan\u0131n bir y\u0131l i\u00e7erisinde tamamlanmas\u0131 planlan\u0131yor.<br \/><\/p>\n","protected":false},"excerpt":{"rendered":"<p>K\u00fctahya\u2019da Emir Sultan Yat\u0131l\u0131 Erkek Kur\u2019an Kursu\u2019na 140 \u00f6\u011frenci kapasiteli yeni ek binan\u0131n in\u015faat\u0131na ba\u015fland\u0131. Ek binan\u0131n plan ve projesine katk\u0131s\u0131 olan K\u00fctahya Kadim Vakf\u0131 Ba\u015fkan\u0131 Mustafa \u00d6nsay, temel atma t\u00f6reninde yapt\u0131\u011f\u0131 konu\u015fmada, Emir Sultan Erkek Yat\u0131l\u0131 Kur\u2019an Kursu\u2019nun 8 y\u0131ll\u0131k s\u00fcre\u00e7te \u00f6nemli ba\u015far\u0131lara imza att\u0131\u011f\u0131n\u0131 belirterek, &#8220;K\u00fctahya\u2019da bir grup hay\u0131rseverin \u00f6nc\u00fcl\u00fc\u011f\u00fcnde bu g\u00fczel hizmet&#8230;<\/p>\n","protected":false},"author":1,"featured_media":60834,"comment_status":"open","ping_status":"open","sticky":false,"template":"","format":"standard","meta":{"_crdt_document":"","footnotes":""},"categories":[1],"tags":[],"class_list":["post-60833","post","type-post","status-publish","format-standard","has-post-thumbnail","hentry","category-guncel"],"_links":{"self":[{"href":"https:\/\/www.egemtv.com\/index.php?rest_route=\/wp\/v2\/posts\/60833","targetHints":{"allow":["GET"]}}],"collection":[{"href":"https:\/\/www.egemtv.com\/index.php?rest_route=\/wp\/v2\/posts"}],"about":[{"href":"https:\/\/www.egemtv.com\/index.php?rest_route=\/wp\/v2\/types\/post"}],"author":[{"embeddable":true,"href":"https:\/\/www.egemtv.com\/index.php?rest_route=\/wp\/v2\/users\/1"}],"replies":[{"embeddable":true,"href":"https:\/\/www.egemtv.com\/index.php?rest_route=%2Fwp%2Fv2%2Fcomments&post=60833"}],"version-history":[{"count":1,"href":"https:\/\/www.egemtv.com\/index.php?rest_route=\/wp\/v2\/posts\/60833\/revisions"}],"predecessor-version":[{"id":60835,"href":"https:\/\/www.egemtv.com\/index.php?rest_route=\/wp\/v2\/posts\/60833\/revisions\/60835"}],"wp:featuredmedia":[{"embeddable":true,"href":"https:\/\/www.egemtv.com\/index.php?rest_route=\/wp\/v2\/media\/60834"}],"wp:attachment":[{"href":"https:\/\/www.egemtv.com\/index.php?rest_route=%2Fwp%2Fv2%2Fmedia&parent=60833"}],"wp:term":[{"taxonomy":"category","embeddable":true,"href":"https:\/\/www.egemtv.com\/index.php?rest_route=%2Fwp%2Fv2%2Fcategories&post=60833"},{"taxonomy":"post_tag","embeddable":true,"href":"https:\/\/www.egemtv.com\/index.php?rest_route=%2Fwp%2Fv2%2Ftags&post=60833"}],"curies":[{"name":"wp","href":"https:\/\/api.w.org\/{rel}","templated":true}]}}