{"id":60830,"date":"2025-10-11T18:35:01","date_gmt":"2025-10-11T15:35:01","guid":{"rendered":"https:\/\/www.egemtv.com\/?p=60830"},"modified":"2025-10-11T18:35:06","modified_gmt":"2025-10-11T15:35:06","slug":"uluslararasi-fethiye-sporfest-renkli-goruntulere-sahne-oldu","status":"publish","type":"post","link":"https:\/\/www.egemtv.com\/?p=60830","title":{"rendered":"Uluslararas\u0131 Fethiye Sporfest, renkli g\u00f6r\u00fcnt\u00fclere sahne oldu"},"content":{"rendered":"<p>Mu\u011fla\u2019n\u0131n Fethiye il\u00e7esinde bu y\u0131l 6.\u2019s\u0131 d\u00fczenlenen Uluslararas\u0131 Spor Festivali y\u00fczme yar\u0131\u015flar\u0131na b\u00fcy\u00fck ilgi olurken, k\u0131yas\u0131ya m\u00fccadelelerin ya\u015fand\u0131\u011f\u0131 ilk g\u00fcn yar\u0131\u015flar\u0131nda sporseverler unutulmaz anlar ya\u015fad\u0131.<\/p>\n<p>Fethiye Sporfest\u2019e Man\u015f Denizi\u2019ni ge\u00e7en ilk T\u00fcrk y\u00fcz\u00fcc\u00fc olan ve ge\u00e7ti\u011fimiz g\u00fcnlerde Japonya\u2019da \u2019Okyanus Yedilisi\u2019ni de tamamlayan Bengisu Avc\u0131 da kat\u0131ld\u0131. \u00d6l\u00fcdeniz Kumburnu Tabiat Park\u0131\u2019nda ger\u00e7ekle\u015fen Fethiye Sporfest Y\u00fczme Yar\u0131\u015flar\u0131\u2019n\u0131n start\u0131n\u0131 Gen\u00e7lik ve Spor \u0130l\u00e7e M\u00fcd\u00fcr\u00fc Harun Re\u015fit Yi\u011fit verirken, Fethiye Gen\u00e7lik ve Spor \u0130l\u00e7e M\u00fcd\u00fcrl\u00fc\u011f\u00fc taraf\u0131ndan d\u00fczenlenen festivalin ilk g\u00fcn yap\u0131lan y\u00fczme yar\u0131\u015flar\u0131nda 4 kategoride bin 480 sporcu m\u00fccadele etti. De\u011fi\u015fik kategorilerde k\u0131yas\u0131ya m\u00fccadele eden yar\u0131\u015fmac\u0131lar, heyecan dolu anlar ya\u015fatt\u0131. Uluslararas\u0131 Fethiye Sporfest\u2019in ilk g\u00fcn yar\u0131\u015flar\u0131 b\u00fcy\u00fck \u00e7eki\u015fmeye sahne oldu. G\u00fcne\u015fli ve g\u00fczel bir havada \u00d6l\u00fcdeniz\u2019in masmavi sular\u0131nda kula\u00e7 atan yar\u0131\u015fmac\u0131lar b\u00fcy\u00fck heyecan ya\u015fad\u0131lar. Organizasyonda 1000 metre erkeklerde Ya\u011f\u0131z Bek\u00e7i, kad\u0131nlarda S\u0131la Pazar birinci oldu. 2000 metre erkeklerde birincili\u011fi Ya\u011f\u0131z Bek\u00e7i, kad\u0131nlarda da Aymina \u00d6ner kazand\u0131. 3000 metrede ise erkeklerde Rusya\u2019dan Mark Shrom, kad\u0131nlarda Nehir S\u00fcmer ilk s\u0131rada yer ald\u0131.<\/p>\n<p>Ayr\u0131ca Uluslararas\u0131 Fethiye Sporfest etkinlikleri kapsam\u0131nda \u00d6l\u00fcdeniz Belcek\u0131z kumsal\u0131nda da bedensel engelliler oturarak plaj voleybol \u015fampiyonas\u0131 d\u00fczenlendi. \u015eampiyonaya 5 ayr\u0131 tak\u0131m kat\u0131l\u0131rken g\u00fcne\u015fli g\u00fczel bir havada oynanan m\u00fccadeleler olduk\u00e7a \u00e7eki\u015fmeli ge\u00e7ti. Yar\u0131\u015fmalara kat\u0131lan sporcular yar\u0131\u015fma aralar\u0131nda ve dinlenme esnas\u0131nda \u00d6l\u00fcdeniz\u2019in serin sular\u0131nda y\u00fczerek stres att\u0131lar.<br \/><\/p>\n","protected":false},"excerpt":{"rendered":"<p>Mu\u011fla\u2019n\u0131n Fethiye il\u00e7esinde bu y\u0131l 6.\u2019s\u0131 d\u00fczenlenen Uluslararas\u0131 Spor Festivali y\u00fczme yar\u0131\u015flar\u0131na b\u00fcy\u00fck ilgi olurken, k\u0131yas\u0131ya m\u00fccadelelerin ya\u015fand\u0131\u011f\u0131 ilk g\u00fcn yar\u0131\u015flar\u0131nda sporseverler unutulmaz anlar ya\u015fad\u0131. Fethiye Sporfest\u2019e Man\u015f Denizi\u2019ni ge\u00e7en ilk T\u00fcrk y\u00fcz\u00fcc\u00fc olan ve ge\u00e7ti\u011fimiz g\u00fcnlerde Japonya\u2019da \u2019Okyanus Yedilisi\u2019ni de tamamlayan Bengisu Avc\u0131 da kat\u0131ld\u0131. \u00d6l\u00fcdeniz Kumburnu Tabiat Park\u0131\u2019nda ger\u00e7ekle\u015fen Fethiye Sporfest Y\u00fczme Yar\u0131\u015flar\u0131\u2019n\u0131n&#8230;<\/p>\n","protected":false},"author":1,"featured_media":60831,"comment_status":"open","ping_status":"open","sticky":false,"template":"","format":"standard","meta":{"_crdt_document":"","footnotes":""},"categories":[4],"tags":[],"class_list":["post-60830","post","type-post","status-publish","format-standard","has-post-thumbnail","hentry","category-spor"],"_links":{"self":[{"href":"https:\/\/www.egemtv.com\/index.php?rest_route=\/wp\/v2\/posts\/60830","targetHints":{"allow":["GET"]}}],"collection":[{"href":"https:\/\/www.egemtv.com\/index.php?rest_route=\/wp\/v2\/posts"}],"about":[{"href":"https:\/\/www.egemtv.com\/index.php?rest_route=\/wp\/v2\/types\/post"}],"author":[{"embeddable":true,"href":"https:\/\/www.egemtv.com\/index.php?rest_route=\/wp\/v2\/users\/1"}],"replies":[{"embeddable":true,"href":"https:\/\/www.egemtv.com\/index.php?rest_route=%2Fwp%2Fv2%2Fcomments&post=60830"}],"version-history":[{"count":1,"href":"https:\/\/www.egemtv.com\/index.php?rest_route=\/wp\/v2\/posts\/60830\/revisions"}],"predecessor-version":[{"id":60832,"href":"https:\/\/www.egemtv.com\/index.php?rest_route=\/wp\/v2\/posts\/60830\/revisions\/60832"}],"wp:featuredmedia":[{"embeddable":true,"href":"https:\/\/www.egemtv.com\/index.php?rest_route=\/wp\/v2\/media\/60831"}],"wp:attachment":[{"href":"https:\/\/www.egemtv.com\/index.php?rest_route=%2Fwp%2Fv2%2Fmedia&parent=60830"}],"wp:term":[{"taxonomy":"category","embeddable":true,"href":"https:\/\/www.egemtv.com\/index.php?rest_route=%2Fwp%2Fv2%2Fcategories&post=60830"},{"taxonomy":"post_tag","embeddable":true,"href":"https:\/\/www.egemtv.com\/index.php?rest_route=%2Fwp%2Fv2%2Ftags&post=60830"}],"curies":[{"name":"wp","href":"https:\/\/api.w.org\/{rel}","templated":true}]}}