{"id":60827,"date":"2025-10-11T18:14:51","date_gmt":"2025-10-11T15:14:51","guid":{"rendered":"https:\/\/www.egemtv.com\/?p=60827"},"modified":"2025-10-11T18:14:52","modified_gmt":"2025-10-11T15:14:52","slug":"bizans-ve-roma-donemlerine-ait-tarihi-eserler-ele-gecirildi","status":"publish","type":"post","link":"https:\/\/www.egemtv.com\/?p=60827","title":{"rendered":"Bizans ve Roma d\u00f6nemlerine ait tarihi eserler ele ge\u00e7irildi"},"content":{"rendered":"<p>Ayd\u0131n\u2019\u0131n Bozdo\u011fan il\u00e7esinde bir adrese yap\u0131lan bask\u0131nda \u00e7ok say\u0131da Roma ve Bizans d\u00f6nemlerine ait tarihi eser ele ge\u00e7irildi.<br \/>\n<br \/>Bozdo\u011fan \u0130l\u00e7e Jandarma Komutanl\u0131\u011f\u0131, KOM \u015eube M\u00fcd\u00fcrl\u00fc\u011f\u00fc ve \u0130stihbarat \u015eube M\u00fcd\u00fcrl\u00fc\u011f\u00fc ile Tarihi Eser Ka\u00e7ak\u00e7\u0131l\u0131\u011f\u0131 yapan \u015fah\u0131slar hakk\u0131nda \u00e7al\u0131\u015fma ger\u00e7ekle\u015ftirildi. Edinilen bilgiye g\u00f6re ekipler, bir \u015f\u00fcphelinin Bozdo\u011fan il\u00e7esi Yenikent Mahallesi\u2019ndeki ikametinde tarihi eser bulundurdu\u011fu bilgisine ula\u015ft\u0131. Harekete ge\u00e7en ekipler, belirlenen adrese bask\u0131n d\u00fczenledi. \u0130kamette yap\u0131lan aramalarda 310 adet tarihi eser sikke, 21 adet tarihi eser obje, 16 adet tarihi eser y\u00fcz\u00fck, 2 adet tarihi eser k\u00fcpe, 1 adet elektronik dijital dedekt\u00f6r, 2 adet dedekt\u00f6r altl\u0131\u011f\u0131, 1 adet yeralt\u0131 g\u00f6r\u00fcnt\u00fcleme cihaz\u0131 (y\u0131lan kamera), 1 adet el dedekt\u00f6r\u00fc, 1 adet 3 metre halat, spanzet ve \u00e7elik d\u00fcbel, 1 adet sarka\u00e7, 1 adet dedekt\u00f6r kulakl\u0131\u011f\u0131, 4 adet bak\u0131r alan tarama \u00e7ubu\u011fu, 1 adet i\u015faret ve semboller kitab\u0131, 1 adet hassas terazi, 1 adet sinyal kesici dedekt\u00f6r, 2 adet fener, 1 adet el \u00e7apas\u0131, 1 adet powerbank, 1 adet mur\u00e7 ve 60 adet pil ele ge\u00e7irildi. Koruma alt\u0131na al\u0131nan tarihi eserlerin yap\u0131lan ilk incelemesinde Bizans ve Roma d\u00f6nemlerine ait oldu\u011fu belirlenirken, g\u00f6zalt\u0131na al\u0131nan \u015f\u00fcpheli \u015fah\u0131s hakk\u0131nda adli s\u00fcre\u00e7 ba\u015flat\u0131ld\u0131.<br \/><\/p>\n","protected":false},"excerpt":{"rendered":"<p>Ayd\u0131n\u2019\u0131n Bozdo\u011fan il\u00e7esinde bir adrese yap\u0131lan bask\u0131nda \u00e7ok say\u0131da Roma ve Bizans d\u00f6nemlerine ait tarihi eser ele ge\u00e7irildi. Bozdo\u011fan \u0130l\u00e7e Jandarma Komutanl\u0131\u011f\u0131, KOM \u015eube M\u00fcd\u00fcrl\u00fc\u011f\u00fc ve \u0130stihbarat \u015eube M\u00fcd\u00fcrl\u00fc\u011f\u00fc ile Tarihi Eser Ka\u00e7ak\u00e7\u0131l\u0131\u011f\u0131 yapan \u015fah\u0131slar hakk\u0131nda \u00e7al\u0131\u015fma ger\u00e7ekle\u015ftirildi. Edinilen bilgiye g\u00f6re ekipler, bir \u015f\u00fcphelinin Bozdo\u011fan il\u00e7esi Yenikent Mahallesi\u2019ndeki ikametinde tarihi eser bulundurdu\u011fu bilgisine ula\u015ft\u0131. Harekete&#8230;<\/p>\n","protected":false},"author":1,"featured_media":60828,"comment_status":"open","ping_status":"open","sticky":false,"template":"","format":"standard","meta":{"_crdt_document":"","footnotes":""},"categories":[5],"tags":[],"class_list":["post-60827","post","type-post","status-publish","format-standard","has-post-thumbnail","hentry","category-asayis"],"_links":{"self":[{"href":"https:\/\/www.egemtv.com\/index.php?rest_route=\/wp\/v2\/posts\/60827","targetHints":{"allow":["GET"]}}],"collection":[{"href":"https:\/\/www.egemtv.com\/index.php?rest_route=\/wp\/v2\/posts"}],"about":[{"href":"https:\/\/www.egemtv.com\/index.php?rest_route=\/wp\/v2\/types\/post"}],"author":[{"embeddable":true,"href":"https:\/\/www.egemtv.com\/index.php?rest_route=\/wp\/v2\/users\/1"}],"replies":[{"embeddable":true,"href":"https:\/\/www.egemtv.com\/index.php?rest_route=%2Fwp%2Fv2%2Fcomments&post=60827"}],"version-history":[{"count":1,"href":"https:\/\/www.egemtv.com\/index.php?rest_route=\/wp\/v2\/posts\/60827\/revisions"}],"predecessor-version":[{"id":60829,"href":"https:\/\/www.egemtv.com\/index.php?rest_route=\/wp\/v2\/posts\/60827\/revisions\/60829"}],"wp:featuredmedia":[{"embeddable":true,"href":"https:\/\/www.egemtv.com\/index.php?rest_route=\/wp\/v2\/media\/60828"}],"wp:attachment":[{"href":"https:\/\/www.egemtv.com\/index.php?rest_route=%2Fwp%2Fv2%2Fmedia&parent=60827"}],"wp:term":[{"taxonomy":"category","embeddable":true,"href":"https:\/\/www.egemtv.com\/index.php?rest_route=%2Fwp%2Fv2%2Fcategories&post=60827"},{"taxonomy":"post_tag","embeddable":true,"href":"https:\/\/www.egemtv.com\/index.php?rest_route=%2Fwp%2Fv2%2Ftags&post=60827"}],"curies":[{"name":"wp","href":"https:\/\/api.w.org\/{rel}","templated":true}]}}