{"id":60824,"date":"2025-10-11T18:14:50","date_gmt":"2025-10-11T15:14:50","guid":{"rendered":"https:\/\/www.egemtv.com\/?p=60824"},"modified":"2025-10-11T18:14:51","modified_gmt":"2025-10-11T15:14:51","slug":"baskan-erol-demek-ki-mesele-cami-degilmis","status":"publish","type":"post","link":"https:\/\/www.egemtv.com\/?p=60824","title":{"rendered":"Ba\u015fkan Erol: &#8220;Demek ki mesele cami de\u011filmi\u015f&#8221;"},"content":{"rendered":"<p>Buharkent Belediye Ba\u015fkan\u0131 Mehmet Erol, kendileri hakk\u0131nda &#8220;camileri sat\u0131yorlar&#8221; ba\u015fl\u0131kl\u0131 \u00e7\u0131kan haberlere tepki g\u00f6stererek, &#8220;Demek ki mesele cami de\u011filmi\u015f. Efeler Belediyesi de ayn\u0131 y\u00f6ntemi uygulayarak bor\u00e7lar\u0131n\u0131 \u00f6deyebilmek i\u00e7in benzer bir karar alm\u0131\u015f&#8221; dedi.<br \/>\n<br \/>Ge\u00e7ti\u011fimiz aylarda belediye meclisi karar\u0131 ile vergi bor\u00e7lar\u0131na kar\u015f\u0131l\u0131k baz\u0131 ta\u015f\u0131nmazlar\u0131n Maliye Hazinesi\u2019ne devredilmesi karar\u0131 ile ilgili \u00e7\u0131kan &#8220;camileri sat\u0131yorlar&#8221; ba\u015fl\u0131kl\u0131 haberlere tepki g\u00f6steren Buharkent Belediye Ba\u015fkan\u0131 Mehmet Erol, sat\u0131\u015f\u0131n s\u00f6z konusu olmad\u0131\u011f\u0131n\u0131, Maliye Hazinesi\u2019ne vergi bor\u00e7lar\u0131n\u0131n \u00f6denmesi i\u00e7in arsa devri yolunun tercih edildi\u011fini belirtmi\u015fti. Ya\u015fanan olay sonras\u0131nda Efeler Belediyesi meclisinde de vergi bor\u00e7lar\u0131na kar\u015f\u0131l\u0131k benzer bir karar\u0131n al\u0131nmas\u0131n\u0131n ard\u0131ndan tekrar a\u00e7\u0131klama yapan Ba\u015fkan Erol, &#8220;Demek ki mesele cami de\u011filmi\u015f&#8221; diyerek yap\u0131lan haberlerin art niyetli oldu\u011funu vurgulad\u0131. Efeler Belediyesi\u2019nin de vergi bor\u00e7lar\u0131n\u0131n \u00f6denmesine kar\u015f\u0131l\u0131k i\u00e7erisinde okul, cami gibi yap\u0131lar\u0131n da bulundu\u011fu baz\u0131 ta\u015f\u0131nmazlar\u0131 Efeler Vergi Dairesi M\u00fcd\u00fcrl\u00fc\u011f\u00fc\u2019ne devretmesi ile ilgili karar\u0131 \u00f6rnek g\u00f6steren Erol, &#8220;Demek ki mesele cami de\u011filmi\u015f. Ge\u00e7ti\u011fimiz aylarda belediyemiz hakk\u0131nda \u2019camileri sat\u0131yorlar\u2019 man\u015fetleri atanlar\u0131 ve ard\u0131ndan yap\u0131lan k\u0131nama a\u00e7\u0131klamalar\u0131n\u0131 unutmad\u0131k. Bug\u00fcn g\u00f6r\u00fcyoruz ki, CHP\u2019li Efeler Belediyesi de ayn\u0131 y\u00f6ntemi uygulayarak bor\u00e7lar\u0131n\u0131 \u00f6deyebilmek i\u00e7in benzer bir karar alm\u0131\u015f. O haberleri yapan bas\u0131n kurulu\u015flar\u0131n\u0131 ve CHP Ayd\u0131n \u0130l Ba\u015fkan\u0131 Say\u0131n Hikmet Saat\u00e7\u0131\u2019y\u0131 da ayn\u0131 kararl\u0131l\u0131kla k\u0131namaya davet ediyoruz&#8221; ifadelerini kulland\u0131.<br \/><\/p>\n","protected":false},"excerpt":{"rendered":"<p>Buharkent Belediye Ba\u015fkan\u0131 Mehmet Erol, kendileri hakk\u0131nda &#8220;camileri sat\u0131yorlar&#8221; ba\u015fl\u0131kl\u0131 \u00e7\u0131kan haberlere tepki g\u00f6stererek, &#8220;Demek ki mesele cami de\u011filmi\u015f. Efeler Belediyesi de ayn\u0131 y\u00f6ntemi uygulayarak bor\u00e7lar\u0131n\u0131 \u00f6deyebilmek i\u00e7in benzer bir karar alm\u0131\u015f&#8221; dedi. Ge\u00e7ti\u011fimiz aylarda belediye meclisi karar\u0131 ile vergi bor\u00e7lar\u0131na kar\u015f\u0131l\u0131k baz\u0131 ta\u015f\u0131nmazlar\u0131n Maliye Hazinesi\u2019ne devredilmesi karar\u0131 ile ilgili \u00e7\u0131kan &#8220;camileri sat\u0131yorlar&#8221; ba\u015fl\u0131kl\u0131 haberlere&#8230;<\/p>\n","protected":false},"author":1,"featured_media":60825,"comment_status":"open","ping_status":"open","sticky":false,"template":"","format":"standard","meta":{"_crdt_document":"","footnotes":""},"categories":[127],"tags":[],"class_list":["post-60824","post","type-post","status-publish","format-standard","has-post-thumbnail","hentry","category-siyaset"],"_links":{"self":[{"href":"https:\/\/www.egemtv.com\/index.php?rest_route=\/wp\/v2\/posts\/60824","targetHints":{"allow":["GET"]}}],"collection":[{"href":"https:\/\/www.egemtv.com\/index.php?rest_route=\/wp\/v2\/posts"}],"about":[{"href":"https:\/\/www.egemtv.com\/index.php?rest_route=\/wp\/v2\/types\/post"}],"author":[{"embeddable":true,"href":"https:\/\/www.egemtv.com\/index.php?rest_route=\/wp\/v2\/users\/1"}],"replies":[{"embeddable":true,"href":"https:\/\/www.egemtv.com\/index.php?rest_route=%2Fwp%2Fv2%2Fcomments&post=60824"}],"version-history":[{"count":1,"href":"https:\/\/www.egemtv.com\/index.php?rest_route=\/wp\/v2\/posts\/60824\/revisions"}],"predecessor-version":[{"id":60826,"href":"https:\/\/www.egemtv.com\/index.php?rest_route=\/wp\/v2\/posts\/60824\/revisions\/60826"}],"wp:featuredmedia":[{"embeddable":true,"href":"https:\/\/www.egemtv.com\/index.php?rest_route=\/wp\/v2\/media\/60825"}],"wp:attachment":[{"href":"https:\/\/www.egemtv.com\/index.php?rest_route=%2Fwp%2Fv2%2Fmedia&parent=60824"}],"wp:term":[{"taxonomy":"category","embeddable":true,"href":"https:\/\/www.egemtv.com\/index.php?rest_route=%2Fwp%2Fv2%2Fcategories&post=60824"},{"taxonomy":"post_tag","embeddable":true,"href":"https:\/\/www.egemtv.com\/index.php?rest_route=%2Fwp%2Fv2%2Ftags&post=60824"}],"curies":[{"name":"wp","href":"https:\/\/api.w.org\/{rel}","templated":true}]}}