{"id":60821,"date":"2025-10-11T18:14:48","date_gmt":"2025-10-11T15:14:48","guid":{"rendered":"https:\/\/www.egemtv.com\/?p=60821"},"modified":"2025-10-11T18:14:49","modified_gmt":"2025-10-11T15:14:49","slug":"tff-2-lig-aliagaspor-fk-8-yeni-malatyaspor-1","status":"publish","type":"post","link":"https:\/\/www.egemtv.com\/?p=60821","title":{"rendered":"TFF 2. Lig: Alia\u011faspor FK: 8 &#8211; Yeni Malatyaspor: 1"},"content":{"rendered":"<p>TFF 2. Lig K\u0131rm\u0131z\u0131 Grup 8. hafta ma\u00e7\u0131nda Alia\u011faspor FK, evinde kar\u015f\u0131la\u015ft\u0131\u011f\u0131 Yeni Malatyaspor\u2019u 8-1 ma\u011flup etti.<\/p>\n<p>Stat: Alia\u011fa Atat\u00fcrk<br \/>\n<br \/>Hakemler: Berat Can Ta\u015fkesen, Hakan \u00d6zler, Mertcan Tezcan<br \/>\n<br \/>Alia\u011faspor FK: Ahmet Pekg\u00f6z, Veli \u00c7etin (Necati \u00d6zdemir dk. 70), Erhan Kartal, Musa \u015eahindere, Hasan K\u0131l\u0131\u00e7, Mertcan A\u00e7\u0131kg\u00f6z (Ahmet \u0130lhan \u00d6zek dk. 60), Muammer Sar\u0131kaya (Mustafa Saymak dk. 82), Sergen Pi\u00e7inciol, Harun Kavakl\u0131dere, Malik Karaahmet (Eray Akar dk. 82), G\u00f6ktu\u011f Y\u0131lmaz (Hakan Demir dk. 60)<br \/>\n<br \/>Yeni Malatyaspor: \u00c7\u0131nar Y\u0131ld\u0131zl\u0131, Muhammed G\u00f6kt\u00fcrk G\u00f6k, \u00d6mer \u00c7a\u011fr\u0131 Ata\u015f (Mira\u00e7 K\u00fc\u00e7\u00fck dk. 78), K\u00fcr\u015fat Y\u0131lmaz Selamo\u011flu (Emirhan Y\u0131lmazer dk. 78), Ferhat Canl\u0131, Enes Nas, Emir Ulusoy, Kerem Altun\u0131\u015f\u0131k (Kemalcan Esen dk. 60), Murat \u015eamil G\u00fcler (Eray \u015ei\u015fman dk. 60), Osman Katipo\u011flu, Talha Garip<br \/>\n<br \/>Goller: Muammer Sar\u0131kaya (dk. 13, Malik Karaahmet (dk. 23, 45, 63 ve 65), Mertcan A\u00e7\u0131kg\u00f6z dk. 42), Sergen Pi\u00e7inciol (dk. 69), Ahmet \u0130lhan \u00d6zek (dk. 83) (Alia\u011faspor FK), Eray \u015ei\u015fman (dk. 72) (Yeni Malatyaspor)<br \/>\n<br \/>K\u0131rm\u0131z\u0131 kart: Osman Katipo\u011flu (dk. 73) (Yeni Malatyaspor)<br \/><\/p>\n","protected":false},"excerpt":{"rendered":"<p>TFF 2. Lig K\u0131rm\u0131z\u0131 Grup 8. hafta ma\u00e7\u0131nda Alia\u011faspor FK, evinde kar\u015f\u0131la\u015ft\u0131\u011f\u0131 Yeni Malatyaspor\u2019u 8-1 ma\u011flup etti. Stat: Alia\u011fa Atat\u00fcrk Hakemler: Berat Can Ta\u015fkesen, Hakan \u00d6zler, Mertcan Tezcan Alia\u011faspor FK: Ahmet Pekg\u00f6z, Veli \u00c7etin (Necati \u00d6zdemir dk. 70), Erhan Kartal, Musa \u015eahindere, Hasan K\u0131l\u0131\u00e7, Mertcan A\u00e7\u0131kg\u00f6z (Ahmet \u0130lhan \u00d6zek dk. 60), Muammer Sar\u0131kaya (Mustafa Saymak&#8230;<\/p>\n","protected":false},"author":1,"featured_media":60822,"comment_status":"open","ping_status":"open","sticky":false,"template":"","format":"standard","meta":{"_crdt_document":"","footnotes":""},"categories":[4],"tags":[],"class_list":["post-60821","post","type-post","status-publish","format-standard","has-post-thumbnail","hentry","category-spor"],"_links":{"self":[{"href":"https:\/\/www.egemtv.com\/index.php?rest_route=\/wp\/v2\/posts\/60821","targetHints":{"allow":["GET"]}}],"collection":[{"href":"https:\/\/www.egemtv.com\/index.php?rest_route=\/wp\/v2\/posts"}],"about":[{"href":"https:\/\/www.egemtv.com\/index.php?rest_route=\/wp\/v2\/types\/post"}],"author":[{"embeddable":true,"href":"https:\/\/www.egemtv.com\/index.php?rest_route=\/wp\/v2\/users\/1"}],"replies":[{"embeddable":true,"href":"https:\/\/www.egemtv.com\/index.php?rest_route=%2Fwp%2Fv2%2Fcomments&post=60821"}],"version-history":[{"count":1,"href":"https:\/\/www.egemtv.com\/index.php?rest_route=\/wp\/v2\/posts\/60821\/revisions"}],"predecessor-version":[{"id":60823,"href":"https:\/\/www.egemtv.com\/index.php?rest_route=\/wp\/v2\/posts\/60821\/revisions\/60823"}],"wp:featuredmedia":[{"embeddable":true,"href":"https:\/\/www.egemtv.com\/index.php?rest_route=\/wp\/v2\/media\/60822"}],"wp:attachment":[{"href":"https:\/\/www.egemtv.com\/index.php?rest_route=%2Fwp%2Fv2%2Fmedia&parent=60821"}],"wp:term":[{"taxonomy":"category","embeddable":true,"href":"https:\/\/www.egemtv.com\/index.php?rest_route=%2Fwp%2Fv2%2Fcategories&post=60821"},{"taxonomy":"post_tag","embeddable":true,"href":"https:\/\/www.egemtv.com\/index.php?rest_route=%2Fwp%2Fv2%2Ftags&post=60821"}],"curies":[{"name":"wp","href":"https:\/\/api.w.org\/{rel}","templated":true}]}}