{"id":60818,"date":"2025-10-11T18:14:47","date_gmt":"2025-10-11T15:14:47","guid":{"rendered":"https:\/\/www.egemtv.com\/?p=60818"},"modified":"2025-10-11T18:14:48","modified_gmt":"2025-10-11T15:14:48","slug":"jantsa-yonetim-kurulu-baskani-cercioglundan-gazeteci-ugur-dundara-sitem","status":"publish","type":"post","link":"https:\/\/www.egemtv.com\/?p=60818","title":{"rendered":"Jantsa Y\u00f6netim Kurulu Ba\u015fkan\u0131 \u00c7er\u00e7io\u011flu\u2019ndan gazeteci U\u011fur D\u00fcndar\u2019a sitem"},"content":{"rendered":"<p>Jantsa Jant Sanayi ve Ticaret A.\u015e. Kurucusu ve Y\u00f6netim Kurulu Ba\u015fkan\u0131 \u015eefik \u00c7er\u00e7io\u011flu, gazeteci U\u011fur D\u00fcndar\u2019a y\u00f6nelik yapt\u0131\u011f\u0131 a\u00e7\u0131klamada, &#8220;U\u011fur D\u00fcndar\u2019dan, baz\u0131 ki\u015filerin ortaya att\u0131\u011f\u0131 ger\u00e7ek d\u0131\u015f\u0131 iddialar konusunda, sorumlu yay\u0131nc\u0131l\u0131\u011f\u0131n bir gere\u011fi olarak \u00f6ncesinde m\u00fclkiyet sahiplerine ula\u015fmas\u0131n\u0131 ve iddialar\u0131n do\u011frulu\u011funu ara\u015ft\u0131rmas\u0131n\u0131 beklerdim&#8221; dedi.<br \/>\n<br \/>Jantsa Jant Sanayi ve Ticaret A.\u015e. Kurucusu ve Y\u00f6netim Kurulu Ba\u015fkan\u0131 \u015eefik \u00c7er\u00e7io\u011flu, gazeteci U\u011fur D\u00fcndar\u2019\u0131n bir televizyon program\u0131nda haklar\u0131nda ortaya at\u0131lan iddialara y\u00f6nelik yapt\u0131\u011f\u0131 a\u00e7\u0131klamalara cevap verdi. \u00c7er\u00e7io\u011flu, D\u00fcndar\u2019a sitemde bulunarak, &#8220;U\u011fur D\u00fcndar\u2019dan, baz\u0131 ki\u015filerin ortaya att\u0131\u011f\u0131 bu ger\u00e7ek d\u0131\u015f\u0131 iddialar konusunda, sorumlu yay\u0131nc\u0131l\u0131\u011f\u0131n bir gere\u011fi olarak \u00f6ncesinde m\u00fclkiyet sahiplerine ula\u015fmas\u0131n\u0131 ve iddialar\u0131n do\u011frulu\u011funu ara\u015ft\u0131rmas\u0131n\u0131 beklerdim&#8221; dedi.<br \/>\n<br \/>\u00c7er\u00e7io\u011flu, a\u00e7\u0131klamas\u0131n\u0131n devam\u0131nda, &#8220;10 Ekim 2025 tarihinde U\u011fur D\u00fcndar\u2019\u0131n sundu\u011fu programda baz\u0131 \u00e7evrelerce kamuoyuna yans\u0131t\u0131lan ger\u00e7ek d\u0131\u015f\u0131 iddialar \u00fczerine, yanl\u0131\u015f anla\u015f\u0131lmalar\u0131n \u00f6n\u00fcne ge\u00e7mek ve kamuoyunu do\u011fru bilgilendirmek amac\u0131yla bu a\u00e7\u0131klamay\u0131 yapma gere\u011fi duydum. Say\u0131n U\u011fur D\u00fcndar\u2019dan, baz\u0131 ki\u015filerin ortaya att\u0131\u011f\u0131 bu ger\u00e7ek d\u0131\u015f\u0131 iddialar konusunda, sorumlu yay\u0131nc\u0131l\u0131\u011f\u0131n bir gere\u011fi olarak \u00f6ncesinde m\u00fclkiyet sahiplerine ula\u015fmas\u0131n\u0131 ve iddialar\u0131n do\u011frulu\u011funu ara\u015ft\u0131rmas\u0131n\u0131 beklerdim. \u015eahs\u0131ma ait, Sultanhisar\u2019da yer alan aile varl\u0131klar\u0131n\u0131n siyaset konusu yap\u0131lmas\u0131n\u0131 esefle kar\u015f\u0131l\u0131yorum. \u0130lgili yay\u0131nda bahsi ge\u00e7en otel tesisi, 2002 y\u0131l\u0131ndan bu yana hizmet vermektedir. Otelin bulundu\u011fu alan ve \u00e7evresi, \u00c7evre Bakanl\u0131\u011f\u0131 taraf\u0131ndan haz\u0131rlan\u0131p onaylanm\u0131\u015f olan 1\/100.000 \u00f6l\u00e7ekli \u00e7evre d\u00fczeni plan\u0131n\u0131n y\u00fcr\u00fcrl\u00fc\u011fe girdi\u011fi tarihten bu yana turizm alan\u0131 olarak planlanm\u0131\u015ft\u0131r. Bu nedenle, imar rant\u0131 olu\u015fturulmas\u0131 s\u00f6z konusu dahi olamaz. Ailemiz, 50 y\u0131l\u0131 a\u015fk\u0131n s\u00fcredir sanayi alan\u0131nda faaliyet g\u00f6stermekte olup hi\u00e7bir zaman m\u00fcteahhitlik ya da imar rant\u0131 ile ilgisi olmam\u0131\u015ft\u0131r. \u00dcretim, ihracat ve istihdamla \u00fclkemize katk\u0131 sa\u011flamay\u0131 temel ilke edinmi\u015f bir aileyiz. Bu anlay\u0131\u015f\u0131m\u0131z ge\u00e7mi\u015ften bug\u00fcne de\u011fi\u015fmemi\u015ftir. Sosyal sorumluluk bilinciyle ve toplum yarar\u0131na hareket etme anlay\u0131\u015fla, taraf\u0131m\u0131zca e\u011fitime destek vermek ad\u0131na Adnan Menderes \u00dcniversitesi\u2019ne bir bina kazand\u0131r\u0131lm\u0131\u015f, ayr\u0131ca ye\u015fil alan olarak kullan\u0131lmak \u00fczere yakla\u015f\u0131k 30 bin metrekare arazi de kamuya ba\u011f\u0131\u015flanm\u0131\u015ft\u0131r. E\u011fitime ve toplumun her katman\u0131na katk\u0131 sunmak, ge\u00e7mi\u015fte oldu\u011fu gibi bug\u00fcn de ailemizin temel de\u011ferleri aras\u0131nda yer almaktad\u0131r. Hakk\u0131m\u0131zda ortaya at\u0131lan mesnetsiz iddialar ve iftiralarla ilgili olarak, hukuk\u00e7ular\u0131m\u0131z arac\u0131l\u0131\u011f\u0131yla gerekli yasal s\u00fcre\u00e7lerin ba\u015flat\u0131laca\u011f\u0131n\u0131, Say\u0131n D\u00fcndar\u2019\u0131 da as\u0131ls\u0131z iddialara konu edilen il\u00e7emizi g\u00f6rmesi a\u00e7\u0131s\u0131ndan misafir etmekten mutluluk duyaca\u011f\u0131m\u0131z\u0131, kamuoyunun bilgisine sayg\u0131yla sunar\u0131m&#8221; ifadelerine yer verdi.<br \/><\/p>\n","protected":false},"excerpt":{"rendered":"<p>Jantsa Jant Sanayi ve Ticaret A.\u015e. Kurucusu ve Y\u00f6netim Kurulu Ba\u015fkan\u0131 \u015eefik \u00c7er\u00e7io\u011flu, gazeteci U\u011fur D\u00fcndar\u2019a y\u00f6nelik yapt\u0131\u011f\u0131 a\u00e7\u0131klamada, &#8220;U\u011fur D\u00fcndar\u2019dan, baz\u0131 ki\u015filerin ortaya att\u0131\u011f\u0131 ger\u00e7ek d\u0131\u015f\u0131 iddialar konusunda, sorumlu yay\u0131nc\u0131l\u0131\u011f\u0131n bir gere\u011fi olarak \u00f6ncesinde m\u00fclkiyet sahiplerine ula\u015fmas\u0131n\u0131 ve iddialar\u0131n do\u011frulu\u011funu ara\u015ft\u0131rmas\u0131n\u0131 beklerdim&#8221; dedi. Jantsa Jant Sanayi ve Ticaret A.\u015e. Kurucusu ve Y\u00f6netim Kurulu Ba\u015fkan\u0131&#8230;<\/p>\n","protected":false},"author":1,"featured_media":60819,"comment_status":"open","ping_status":"open","sticky":false,"template":"","format":"standard","meta":{"_crdt_document":"","footnotes":""},"categories":[1],"tags":[],"class_list":["post-60818","post","type-post","status-publish","format-standard","has-post-thumbnail","hentry","category-guncel"],"_links":{"self":[{"href":"https:\/\/www.egemtv.com\/index.php?rest_route=\/wp\/v2\/posts\/60818","targetHints":{"allow":["GET"]}}],"collection":[{"href":"https:\/\/www.egemtv.com\/index.php?rest_route=\/wp\/v2\/posts"}],"about":[{"href":"https:\/\/www.egemtv.com\/index.php?rest_route=\/wp\/v2\/types\/post"}],"author":[{"embeddable":true,"href":"https:\/\/www.egemtv.com\/index.php?rest_route=\/wp\/v2\/users\/1"}],"replies":[{"embeddable":true,"href":"https:\/\/www.egemtv.com\/index.php?rest_route=%2Fwp%2Fv2%2Fcomments&post=60818"}],"version-history":[{"count":1,"href":"https:\/\/www.egemtv.com\/index.php?rest_route=\/wp\/v2\/posts\/60818\/revisions"}],"predecessor-version":[{"id":60820,"href":"https:\/\/www.egemtv.com\/index.php?rest_route=\/wp\/v2\/posts\/60818\/revisions\/60820"}],"wp:featuredmedia":[{"embeddable":true,"href":"https:\/\/www.egemtv.com\/index.php?rest_route=\/wp\/v2\/media\/60819"}],"wp:attachment":[{"href":"https:\/\/www.egemtv.com\/index.php?rest_route=%2Fwp%2Fv2%2Fmedia&parent=60818"}],"wp:term":[{"taxonomy":"category","embeddable":true,"href":"https:\/\/www.egemtv.com\/index.php?rest_route=%2Fwp%2Fv2%2Fcategories&post=60818"},{"taxonomy":"post_tag","embeddable":true,"href":"https:\/\/www.egemtv.com\/index.php?rest_route=%2Fwp%2Fv2%2Ftags&post=60818"}],"curies":[{"name":"wp","href":"https:\/\/api.w.org\/{rel}","templated":true}]}}