{"id":60812,"date":"2025-10-11T17:34:59","date_gmt":"2025-10-11T14:34:59","guid":{"rendered":"https:\/\/www.egemtv.com\/?p=60812"},"modified":"2025-10-11T17:35:00","modified_gmt":"2025-10-11T14:35:00","slug":"jandarma-kiz-cocuklarini-unutmadi","status":"publish","type":"post","link":"https:\/\/www.egemtv.com\/?p=60812","title":{"rendered":"Jandarma k\u0131z \u00e7ocuklar\u0131n\u0131 unutmad\u0131"},"content":{"rendered":"<p>Ayd\u0131n \u0130l Jandarma Komutanl\u0131\u011f\u0131 ekipleri D\u00fcnya K\u0131z \u00c7ocuklar\u0131 G\u00fcn\u00fc kapsam\u0131nda ilkokul \u00f6\u011frencilerini ziyaret etti.<br \/>\n<br \/>Ayd\u0131n \u0130l Jandarma Komutanl\u0131\u011f\u0131 Aile \u0130\u00e7i \u015eiddetle M\u00fccadele ve \u00c7ocuk K\u0131s\u0131m Amirli\u011fi ve Efeler Jandarma Karakol Komutanl\u0131\u011f\u0131  personeli, Armutlu \u0130lkokulu\u2019nda \u00f6\u011frenim g\u00f6ren \u00f6\u011frencileri 11 Ekim D\u00fcnya K\u0131z \u00c7ocuklar\u0131 G\u00fcn\u00fc sebebiyle ziyaret etti. Faaliyette, k\u0131z \u00e7ocuklar\u0131n\u0131n e\u011fitim hayat\u0131nda g\u00fc\u00e7lenmeleri, \u00f6zg\u00fcvenlerinin desteklenmesi ve gelece\u011fe umutla bakmalar\u0131na katk\u0131 sa\u011flanmas\u0131 amac\u0131yla &#8220;Her K\u0131z \u00c7ocu\u011fu, Kalbinde Bir Kahraman Ta\u015f\u0131r&#8221; temas\u0131yla Ayd\u0131n ili Milli M\u00fccadele kahramanlar\u0131ndan \u00c7ete Havva\u2019n\u0131n hikayesi anlat\u0131larak kad\u0131nlar\u0131n toplumdaki g\u00fc\u00e7l\u00fc rol\u00fc vurguland\u0131. Ayr\u0131ca k\u0131z \u00e7ocuklar\u0131na \u00f6zel olarak kaleme al\u0131nan mektuplar hediye edilerek, onlar\u0131n hayallerine dokunacak duygusal bir ba\u011f kuruldu. Etkinlik sonunda \u00e7ocuklara Tim Jandarma maskesi, balon ve boyama kitab\u0131 hediye edildi.<br \/><\/p>\n","protected":false},"excerpt":{"rendered":"<p>Ayd\u0131n \u0130l Jandarma Komutanl\u0131\u011f\u0131 ekipleri D\u00fcnya K\u0131z \u00c7ocuklar\u0131 G\u00fcn\u00fc kapsam\u0131nda ilkokul \u00f6\u011frencilerini ziyaret etti. Ayd\u0131n \u0130l Jandarma Komutanl\u0131\u011f\u0131 Aile \u0130\u00e7i \u015eiddetle M\u00fccadele ve \u00c7ocuk K\u0131s\u0131m Amirli\u011fi ve Efeler Jandarma Karakol Komutanl\u0131\u011f\u0131 personeli, Armutlu \u0130lkokulu\u2019nda \u00f6\u011frenim g\u00f6ren \u00f6\u011frencileri 11 Ekim D\u00fcnya K\u0131z \u00c7ocuklar\u0131 G\u00fcn\u00fc sebebiyle ziyaret etti. Faaliyette, k\u0131z \u00e7ocuklar\u0131n\u0131n e\u011fitim hayat\u0131nda g\u00fc\u00e7lenmeleri, \u00f6zg\u00fcvenlerinin desteklenmesi ve&#8230;<\/p>\n","protected":false},"author":1,"featured_media":60813,"comment_status":"open","ping_status":"open","sticky":false,"template":"","format":"standard","meta":{"_crdt_document":"","footnotes":""},"categories":[1],"tags":[],"class_list":["post-60812","post","type-post","status-publish","format-standard","has-post-thumbnail","hentry","category-guncel"],"_links":{"self":[{"href":"https:\/\/www.egemtv.com\/index.php?rest_route=\/wp\/v2\/posts\/60812","targetHints":{"allow":["GET"]}}],"collection":[{"href":"https:\/\/www.egemtv.com\/index.php?rest_route=\/wp\/v2\/posts"}],"about":[{"href":"https:\/\/www.egemtv.com\/index.php?rest_route=\/wp\/v2\/types\/post"}],"author":[{"embeddable":true,"href":"https:\/\/www.egemtv.com\/index.php?rest_route=\/wp\/v2\/users\/1"}],"replies":[{"embeddable":true,"href":"https:\/\/www.egemtv.com\/index.php?rest_route=%2Fwp%2Fv2%2Fcomments&post=60812"}],"version-history":[{"count":1,"href":"https:\/\/www.egemtv.com\/index.php?rest_route=\/wp\/v2\/posts\/60812\/revisions"}],"predecessor-version":[{"id":60814,"href":"https:\/\/www.egemtv.com\/index.php?rest_route=\/wp\/v2\/posts\/60812\/revisions\/60814"}],"wp:featuredmedia":[{"embeddable":true,"href":"https:\/\/www.egemtv.com\/index.php?rest_route=\/wp\/v2\/media\/60813"}],"wp:attachment":[{"href":"https:\/\/www.egemtv.com\/index.php?rest_route=%2Fwp%2Fv2%2Fmedia&parent=60812"}],"wp:term":[{"taxonomy":"category","embeddable":true,"href":"https:\/\/www.egemtv.com\/index.php?rest_route=%2Fwp%2Fv2%2Fcategories&post=60812"},{"taxonomy":"post_tag","embeddable":true,"href":"https:\/\/www.egemtv.com\/index.php?rest_route=%2Fwp%2Fv2%2Ftags&post=60812"}],"curies":[{"name":"wp","href":"https:\/\/api.w.org\/{rel}","templated":true}]}}