{"id":60806,"date":"2025-10-11T17:34:54","date_gmt":"2025-10-11T14:34:54","guid":{"rendered":"https:\/\/www.egemtv.com\/?p=60806"},"modified":"2025-10-11T17:34:56","modified_gmt":"2025-10-11T14:34:56","slug":"salihlide-jandarma-uyusturucu-tacirini-sucustu-yakaladi","status":"publish","type":"post","link":"https:\/\/www.egemtv.com\/?p=60806","title":{"rendered":"Salihli\u2019de jandarma uyu\u015fturucu tacirini su\u00e7\u00fcst\u00fc yakalad\u0131"},"content":{"rendered":"<p>Manisa\u2019n\u0131n Salihli il\u00e7esinde jandarma ekiplerinin d\u00fczenledi\u011fi operasyonla uyu\u015fturucu madde satan 1 ki\u015fi su\u00e7\u00fcst\u00fc yakaland\u0131.<br \/>\n<br \/>Manisa \u0130l Jandarma Komutanl\u0131\u011f\u0131 ekipleri, uyu\u015fturucu ile m\u00fccadele kapsam\u0131nda Salihli\u2019de \u00f6nemli bir operasyona imza att\u0131. Jandarma ekipleri, A.A. isimli \u015fahs\u0131n uyu\u015fturucu madde sat\u0131\u015f\u0131 yapt\u0131\u011f\u0131n\u0131 tespit ederek, operasyon d\u00fczenledi. Salihli Cumhuriyet Ba\u015fsavc\u0131l\u0131\u011f\u0131 koordinesinde y\u00fcr\u00fct\u00fclen operasyona \u0130l Jandarma Komutanl\u0131\u011f\u0131 \u0130stihbarat \u015eube M\u00fcd\u00fcrl\u00fc\u011f\u00fc, Salihli \u0130l\u00e7e Jandarma Komutanl\u0131\u011f\u0131na ba\u011fl\u0131 Merkez Karakol Komutanl\u0131\u011f\u0131, JASAT ve \u0130stihbarat K\u0131s\u0131m ekipleri kat\u0131ld\u0131. \u015e\u00fcpheli A.A., uyu\u015fturucu madde satt\u0131\u011f\u0131 s\u0131rada su\u00e7\u00fcst\u00fc yakalanarak g\u00f6zalt\u0131na al\u0131nd\u0131. \u015e\u00fcphelinin evinde yap\u0131lan aramada bin 185 i\u00e7imlik pe\u00e7eteye emdirilmi\u015f bonzai (sentetik kannabinoid), 56 adet sentetik ecza, 2 gram metamfetamin, 2 gram kubar esrar, 1 hassas terazi, 2 uyu\u015fturucu madde kullanma aparat\u0131 ve 1 cep telefonu ele ge\u00e7irildi. Jandarmadaki i\u015flemleri tamamlanan \u015f\u00fcphelinin adliyeye sevk edilece\u011fi \u00f6\u011frenildi.<br \/><\/p>\n","protected":false},"excerpt":{"rendered":"<p>Manisa\u2019n\u0131n Salihli il\u00e7esinde jandarma ekiplerinin d\u00fczenledi\u011fi operasyonla uyu\u015fturucu madde satan 1 ki\u015fi su\u00e7\u00fcst\u00fc yakaland\u0131. Manisa \u0130l Jandarma Komutanl\u0131\u011f\u0131 ekipleri, uyu\u015fturucu ile m\u00fccadele kapsam\u0131nda Salihli\u2019de \u00f6nemli bir operasyona imza att\u0131. Jandarma ekipleri, A.A. isimli \u015fahs\u0131n uyu\u015fturucu madde sat\u0131\u015f\u0131 yapt\u0131\u011f\u0131n\u0131 tespit ederek, operasyon d\u00fczenledi. Salihli Cumhuriyet Ba\u015fsavc\u0131l\u0131\u011f\u0131 koordinesinde y\u00fcr\u00fct\u00fclen operasyona \u0130l Jandarma Komutanl\u0131\u011f\u0131 \u0130stihbarat \u015eube M\u00fcd\u00fcrl\u00fc\u011f\u00fc, Salihli&#8230;<\/p>\n","protected":false},"author":1,"featured_media":60807,"comment_status":"open","ping_status":"open","sticky":false,"template":"","format":"standard","meta":{"_crdt_document":"","footnotes":""},"categories":[5],"tags":[],"class_list":["post-60806","post","type-post","status-publish","format-standard","has-post-thumbnail","hentry","category-asayis"],"_links":{"self":[{"href":"https:\/\/www.egemtv.com\/index.php?rest_route=\/wp\/v2\/posts\/60806","targetHints":{"allow":["GET"]}}],"collection":[{"href":"https:\/\/www.egemtv.com\/index.php?rest_route=\/wp\/v2\/posts"}],"about":[{"href":"https:\/\/www.egemtv.com\/index.php?rest_route=\/wp\/v2\/types\/post"}],"author":[{"embeddable":true,"href":"https:\/\/www.egemtv.com\/index.php?rest_route=\/wp\/v2\/users\/1"}],"replies":[{"embeddable":true,"href":"https:\/\/www.egemtv.com\/index.php?rest_route=%2Fwp%2Fv2%2Fcomments&post=60806"}],"version-history":[{"count":1,"href":"https:\/\/www.egemtv.com\/index.php?rest_route=\/wp\/v2\/posts\/60806\/revisions"}],"predecessor-version":[{"id":60808,"href":"https:\/\/www.egemtv.com\/index.php?rest_route=\/wp\/v2\/posts\/60806\/revisions\/60808"}],"wp:featuredmedia":[{"embeddable":true,"href":"https:\/\/www.egemtv.com\/index.php?rest_route=\/wp\/v2\/media\/60807"}],"wp:attachment":[{"href":"https:\/\/www.egemtv.com\/index.php?rest_route=%2Fwp%2Fv2%2Fmedia&parent=60806"}],"wp:term":[{"taxonomy":"category","embeddable":true,"href":"https:\/\/www.egemtv.com\/index.php?rest_route=%2Fwp%2Fv2%2Fcategories&post=60806"},{"taxonomy":"post_tag","embeddable":true,"href":"https:\/\/www.egemtv.com\/index.php?rest_route=%2Fwp%2Fv2%2Ftags&post=60806"}],"curies":[{"name":"wp","href":"https:\/\/api.w.org\/{rel}","templated":true}]}}