{"id":60803,"date":"2025-10-11T17:34:53","date_gmt":"2025-10-11T14:34:53","guid":{"rendered":"https:\/\/www.egemtv.com\/?p=60803"},"modified":"2025-10-11T17:34:54","modified_gmt":"2025-10-11T14:34:54","slug":"hapis-cezasiyla-aranan-sahis-jasat-ekiplerinden-kacamadi","status":"publish","type":"post","link":"https:\/\/www.egemtv.com\/?p=60803","title":{"rendered":"Hapis cezas\u0131yla aranan \u015fah\u0131s, JASAT ekiplerinden ka\u00e7amad\u0131"},"content":{"rendered":"<p>Ayd\u0131n\u2019\u0131n Efeler il\u00e7esinde silahla tehdit su\u00e7undan 10 y\u0131l hapis cezas\u0131yla aranan \u015fah\u0131s JASAT ekiplerince k\u0131sk\u0131vrak yakaland\u0131.<br \/>\n<br \/>Ayd\u0131n \u0130l Jandarma Komutanl\u0131\u011f\u0131 Jandarma Su\u00e7 Ara\u015ft\u0131rma Timi (JASAT), Asayi\u015f \u015eube M\u00fcd\u00fcrl\u00fc\u011f\u00fc, Efeler \u0130l\u00e7e Jandarma Komutanl\u0131\u011f\u0131 ve Merkez Jandarma Karakol Komutanl\u0131\u011f\u0131 ekiplerince aranan bir \u015fahs\u0131n yakalanmas\u0131na y\u00f6nelik operasyon ger\u00e7ekle\u015ftirildi. Edinilen bilgiye g\u00f6re  silahl\u0131 tehdit su\u00e7undan 10 y\u0131l 2 ay hapis cezas\u0131yla aranan bir \u015fahs\u0131n, Efeler il\u00e7esi Yedieyl\u00fcl Mahallesi\u2019nde oldu\u011fu tespit edildi. Harekete ge\u00e7en ekipler, d\u00fczenledi\u011fi operasyonla \u015f\u00fcpheliyi k\u0131sk\u0131vrak yakalad\u0131. G\u00f6zalt\u0131na al\u0131nan \u015f\u00fcpheli \u015fah\u0131s, gerekli i\u015flemlerinin ard\u0131ndan sevk edildi\u011fi adli makamlarca tutuklanarak cezaevine g\u00f6nderildi.<br \/><\/p>\n","protected":false},"excerpt":{"rendered":"<p>Ayd\u0131n\u2019\u0131n Efeler il\u00e7esinde silahla tehdit su\u00e7undan 10 y\u0131l hapis cezas\u0131yla aranan \u015fah\u0131s JASAT ekiplerince k\u0131sk\u0131vrak yakaland\u0131. Ayd\u0131n \u0130l Jandarma Komutanl\u0131\u011f\u0131 Jandarma Su\u00e7 Ara\u015ft\u0131rma Timi (JASAT), Asayi\u015f \u015eube M\u00fcd\u00fcrl\u00fc\u011f\u00fc, Efeler \u0130l\u00e7e Jandarma Komutanl\u0131\u011f\u0131 ve Merkez Jandarma Karakol Komutanl\u0131\u011f\u0131 ekiplerince aranan bir \u015fahs\u0131n yakalanmas\u0131na y\u00f6nelik operasyon ger\u00e7ekle\u015ftirildi. Edinilen bilgiye g\u00f6re silahl\u0131 tehdit su\u00e7undan 10 y\u0131l 2 ay&#8230;<\/p>\n","protected":false},"author":1,"featured_media":60804,"comment_status":"open","ping_status":"open","sticky":false,"template":"","format":"standard","meta":{"_crdt_document":"","footnotes":""},"categories":[5],"tags":[],"class_list":["post-60803","post","type-post","status-publish","format-standard","has-post-thumbnail","hentry","category-asayis"],"_links":{"self":[{"href":"https:\/\/www.egemtv.com\/index.php?rest_route=\/wp\/v2\/posts\/60803","targetHints":{"allow":["GET"]}}],"collection":[{"href":"https:\/\/www.egemtv.com\/index.php?rest_route=\/wp\/v2\/posts"}],"about":[{"href":"https:\/\/www.egemtv.com\/index.php?rest_route=\/wp\/v2\/types\/post"}],"author":[{"embeddable":true,"href":"https:\/\/www.egemtv.com\/index.php?rest_route=\/wp\/v2\/users\/1"}],"replies":[{"embeddable":true,"href":"https:\/\/www.egemtv.com\/index.php?rest_route=%2Fwp%2Fv2%2Fcomments&post=60803"}],"version-history":[{"count":1,"href":"https:\/\/www.egemtv.com\/index.php?rest_route=\/wp\/v2\/posts\/60803\/revisions"}],"predecessor-version":[{"id":60805,"href":"https:\/\/www.egemtv.com\/index.php?rest_route=\/wp\/v2\/posts\/60803\/revisions\/60805"}],"wp:featuredmedia":[{"embeddable":true,"href":"https:\/\/www.egemtv.com\/index.php?rest_route=\/wp\/v2\/media\/60804"}],"wp:attachment":[{"href":"https:\/\/www.egemtv.com\/index.php?rest_route=%2Fwp%2Fv2%2Fmedia&parent=60803"}],"wp:term":[{"taxonomy":"category","embeddable":true,"href":"https:\/\/www.egemtv.com\/index.php?rest_route=%2Fwp%2Fv2%2Fcategories&post=60803"},{"taxonomy":"post_tag","embeddable":true,"href":"https:\/\/www.egemtv.com\/index.php?rest_route=%2Fwp%2Fv2%2Ftags&post=60803"}],"curies":[{"name":"wp","href":"https:\/\/api.w.org\/{rel}","templated":true}]}}