{"id":60800,"date":"2025-10-11T17:15:16","date_gmt":"2025-10-11T14:15:16","guid":{"rendered":"https:\/\/www.egemtv.com\/?p=60800"},"modified":"2025-10-11T17:15:18","modified_gmt":"2025-10-11T14:15:18","slug":"efelerde-koklerden-gelecege-vurgusu","status":"publish","type":"post","link":"https:\/\/www.egemtv.com\/?p=60800","title":{"rendered":"Efeler\u2019de &#8220;K\u00f6klerden Gelece\u011fe&#8221; vurgusu"},"content":{"rendered":"<p>Efeler \u0130l\u00e7e Milli E\u011fitim M\u00fcd\u00fcrl\u00fc\u011f\u00fc b\u00fcnyesindeki M\u00fczik ve Sanat, Bilim ve Spor Akademileri, 2025-2026 e\u011fitim-\u00f6\u011fretim y\u0131l\u0131na haz\u0131rl\u0131klar\u0131n\u0131 &#8220;k\u00f6klerden gelece\u011fe&#8221; anlay\u0131\u015f\u0131yla s\u00fcrd\u00fcr\u00fcyor.<br \/>\n<br \/>Efeler \u0130l\u00e7e Milli E\u011fitim M\u00fcd\u00fcrl\u00fc\u011f\u00fc taraf\u0131ndan kurulan M\u00fczik ve Sanat Akademisi, Bilim Akademisi ve Spor Akademisi kapsam\u0131nda yeni d\u00f6neme y\u00f6nelik \u00f6nemli bir de\u011ferlendirme toplant\u0131s\u0131 ger\u00e7ekle\u015ftirildi. \u0130l\u00e7e Milli E\u011fitim M\u00fcd\u00fcr\u00fc Hakan \u00d6zcan ba\u015fkanl\u0131\u011f\u0131nda \u00e7evrimi\u00e7i olarak d\u00fczenlenen toplant\u0131ya, M\u00fczik ve Sanat Akademileri Koordinat\u00f6r\u00fc Ayta\u00e7 Onur Demirta\u015f, Bilim Akademisi Koordinat\u00f6r\u00fc Bir\u00f6n U\u00e7an, Spor Akademisi Koordinat\u00f6r\u00fc Ayhan Av\u015far ve akademilerde g\u00f6rev alan e\u011fitmenler kat\u0131ld\u0131. Toplant\u0131da, 2025-2026 e\u011fitim-\u00f6\u011fretim y\u0131l\u0131nda a\u00e7\u0131lacak kurslar\u0131n genel i\u015fleyi\u015fine dair planlamalar ele al\u0131nd\u0131. M\u00fcd\u00fcr \u00d6zcan, s\u00fcrece g\u00f6n\u00fcll\u00fc olarak katk\u0131 sa\u011flayan t\u00fcm \u00f6\u011fretmenlere te\u015fekk\u00fcr ederek, akademilerin art\u0131k &#8220;Efeler\u2019in Markas\u0131&#8221; haline geldi\u011fini ifade etti. T\u00fcrkiye Y\u00fczy\u0131l\u0131 Maarif Modeli\u2019ne uygun \u015fekilde \u015fekillenen akademilerin amac\u0131n\u0131n, \u00f6\u011frencilerin \u00e7ok y\u00f6nl\u00fc geli\u015fimini desteklemek, yeteneklerini ortaya \u00e7\u0131karmak ve \u00fcretken bireyler yeti\u015ftirmek oldu\u011funu belirten \u00d6zcan, bu yap\u0131lar\u0131 birer &#8220;\u00f6\u011frenme toplulu\u011fu&#8221; olarak tan\u0131mlad\u0131. Toplant\u0131da ayr\u0131ca kurs s\u00fcre\u00e7lerinde dikkat edilmesi gereken unsurlar aras\u0131nda \u00f6\u011frenci devam takibi, g\u00fcvenli\u011fi, veli ileti\u015fimi ve mekanlar\u0131n temizli\u011fi gibi konular da vurguland\u0131. \u0130l\u00e7e Milli E\u011fitim M\u00fcd\u00fcr\u00fc Hakan \u00d6zcan, akademi k\u00fclt\u00fcr\u00fcn\u00fcn e\u011fitmenlerin tutumlar\u0131yla \u015fekillendi\u011fini belirterek, &#8220;E\u011fitmenlerimiz bu s\u00fcre\u00e7te \u00f6\u011frencilerimiz i\u00e7in birer rol modeldir&#8221; dedi. \u00d6zcan, konu\u015fmas\u0131n\u0131 yeni d\u00f6nemin t\u00fcm e\u011fitim camias\u0131 i\u00e7in ba\u015far\u0131 getirmesi temennisiyle sonland\u0131rd\u0131.<br \/><\/p>\n","protected":false},"excerpt":{"rendered":"<p>Efeler \u0130l\u00e7e Milli E\u011fitim M\u00fcd\u00fcrl\u00fc\u011f\u00fc b\u00fcnyesindeki M\u00fczik ve Sanat, Bilim ve Spor Akademileri, 2025-2026 e\u011fitim-\u00f6\u011fretim y\u0131l\u0131na haz\u0131rl\u0131klar\u0131n\u0131 &#8220;k\u00f6klerden gelece\u011fe&#8221; anlay\u0131\u015f\u0131yla s\u00fcrd\u00fcr\u00fcyor. Efeler \u0130l\u00e7e Milli E\u011fitim M\u00fcd\u00fcrl\u00fc\u011f\u00fc taraf\u0131ndan kurulan M\u00fczik ve Sanat Akademisi, Bilim Akademisi ve Spor Akademisi kapsam\u0131nda yeni d\u00f6neme y\u00f6nelik \u00f6nemli bir de\u011ferlendirme toplant\u0131s\u0131 ger\u00e7ekle\u015ftirildi. \u0130l\u00e7e Milli E\u011fitim M\u00fcd\u00fcr\u00fc Hakan \u00d6zcan ba\u015fkanl\u0131\u011f\u0131nda \u00e7evrimi\u00e7i olarak&#8230;<\/p>\n","protected":false},"author":1,"featured_media":60801,"comment_status":"open","ping_status":"open","sticky":false,"template":"","format":"standard","meta":{"_crdt_document":"","footnotes":""},"categories":[1],"tags":[],"class_list":["post-60800","post","type-post","status-publish","format-standard","has-post-thumbnail","hentry","category-guncel"],"_links":{"self":[{"href":"https:\/\/www.egemtv.com\/index.php?rest_route=\/wp\/v2\/posts\/60800","targetHints":{"allow":["GET"]}}],"collection":[{"href":"https:\/\/www.egemtv.com\/index.php?rest_route=\/wp\/v2\/posts"}],"about":[{"href":"https:\/\/www.egemtv.com\/index.php?rest_route=\/wp\/v2\/types\/post"}],"author":[{"embeddable":true,"href":"https:\/\/www.egemtv.com\/index.php?rest_route=\/wp\/v2\/users\/1"}],"replies":[{"embeddable":true,"href":"https:\/\/www.egemtv.com\/index.php?rest_route=%2Fwp%2Fv2%2Fcomments&post=60800"}],"version-history":[{"count":1,"href":"https:\/\/www.egemtv.com\/index.php?rest_route=\/wp\/v2\/posts\/60800\/revisions"}],"predecessor-version":[{"id":60802,"href":"https:\/\/www.egemtv.com\/index.php?rest_route=\/wp\/v2\/posts\/60800\/revisions\/60802"}],"wp:featuredmedia":[{"embeddable":true,"href":"https:\/\/www.egemtv.com\/index.php?rest_route=\/wp\/v2\/media\/60801"}],"wp:attachment":[{"href":"https:\/\/www.egemtv.com\/index.php?rest_route=%2Fwp%2Fv2%2Fmedia&parent=60800"}],"wp:term":[{"taxonomy":"category","embeddable":true,"href":"https:\/\/www.egemtv.com\/index.php?rest_route=%2Fwp%2Fv2%2Fcategories&post=60800"},{"taxonomy":"post_tag","embeddable":true,"href":"https:\/\/www.egemtv.com\/index.php?rest_route=%2Fwp%2Fv2%2Ftags&post=60800"}],"curies":[{"name":"wp","href":"https:\/\/api.w.org\/{rel}","templated":true}]}}