{"id":60797,"date":"2025-10-11T16:54:51","date_gmt":"2025-10-11T13:54:51","guid":{"rendered":"https:\/\/www.egemtv.com\/?p=60797"},"modified":"2025-10-11T16:54:53","modified_gmt":"2025-10-11T13:54:53","slug":"oren-atiksu-aritma-tesisi-tamamladi","status":"publish","type":"post","link":"https:\/\/www.egemtv.com\/?p=60797","title":{"rendered":"\u00d6ren At\u0131ksu Ar\u0131tma Tesisi tamamlad\u0131"},"content":{"rendered":"<p>Mu\u011fla B\u00fcy\u00fck\u015fehir Belediyesi Su ve Kanalizasyon \u0130daresi (MUSK\u0130) Genel M\u00fcd\u00fcrl\u00fc\u011f\u00fc taraf\u0131ndan Milas il\u00e7esi \u00d6ren Mahallesi\u2019nde yap\u0131m\u0131na ba\u015flan\u0131lan \u0130leri Biyolojik At\u0131ksu Ar\u0131tma Tesisi tamamland\u0131.<br \/>\n<br \/>Mu\u011fla B\u00fcy\u00fck\u015fehir Belediye Ba\u015fkan\u0131 Ahmet Aras\u2019\u0131n, &#8221; G\u00fc\u00e7l\u00fc Altyap\u0131 G\u00fc\u00e7l\u00fc Mu\u011fla&#8221; anlay\u0131\u015f\u0131n\u0131n bir \u00fcr\u00fcn\u00fc olan bu tesis, gelecekteki n\u00fcfus art\u0131\u015f\u0131 dikkate g\u00f6z \u00f6n\u00fcne al\u0131narak in\u015fa edildi.  20 bin ki\u015fiye hizmet verebilecek kapasiteye sahip tesis, \u00d6ren ve \u00e7evresinin, \u00e7evresel de\u011ferlerini koruyarak b\u00f6lge halk\u0131n\u0131n ya\u015fam  kalitesini artt\u0131rmay\u0131 hedefliyor.<br \/>\n<br \/>Yeralt\u0131 sular\u0131 g\u00fcvende<br \/>\n<br \/>Evsel at\u0131ksular\u0131n \u00e7evreye zarar vermeden bertaraf edilmesi amac\u0131yla kurulan ileri biyolojik ar\u0131tma yapan tesis, ar\u0131t\u0131lan suyun ye\u015fil alanlarda ve sanayide yeniden kullan\u0131lmas\u0131na imkan sa\u011fl\u0131yor. 4 bin m3 at\u0131ksu ar\u0131tma kapasitesine sahip tesis, aktif \u00e7amur sistemi ile ileri biyolojik ar\u0131tma yap\u0131yor, i\u00e7me suyu kaynaklar\u0131n\u0131n kayb\u0131na son vererek yeralt\u0131 su kayna\u011f\u0131n\u0131 g\u00fcvende tutuyor. \u00c7evresel de\u011ferlerin korunmas\u0131na dikkat edilen tesiste, at\u0131ksular d\u00fczenli bir bi\u00e7imde ar\u0131t\u0131ld\u0131\u011f\u0131 i\u00e7in \u00e7evrede k\u00f6t\u00fc koku, sinek ve g\u00f6r\u00fcnt\u00fc kirlili\u011finin \u00f6n\u00fcne ge\u00e7iliyor.<br \/>\n<br \/>\u00c7evreci ve s\u00fcrd\u00fcr\u00fclebilir tesis<br \/>\n<br \/>Yakla\u015f\u0131k 156 milyon TL yat\u0131r\u0131m bedeliyle tamamlanan tesis, \u00e7evre dostu teknolojiler kullan\u0131larak in\u015fa edildi. \u0130leri biyolojik ar\u0131tma sistemiyle donat\u0131lan tesis, b\u00f6lge halk\u0131nda \u00e7evre bilincini g\u00fc\u00e7lendirmeyi de ama\u00e7l\u0131yor. MUSK\u0130, \u00d6ren sahilinin mavi bayrak kriterlerini kar\u015f\u0131lamas\u0131na y\u00f6nelik \u00f6nemli ad\u0131mlardan birini daha at\u0131yor.<br \/>\n<br \/>Aras; &#8220;\u00c7evrenin korunmas\u0131na y\u00f6nelik i\u00e7in b\u00fcy\u00fck gayret sarf ediyoruz&#8221;<br \/>\n<br \/>\u00c7evre altyap\u0131 yat\u0131r\u0131m\u0131n\u0131n \u00f6nemini vurgulayan ve tesis hakk\u0131nda a\u00e7\u0131klamalarda bulunan Mu\u011fla B\u00fcy\u00fck\u015fehir Belediye Ba\u015fkan Ahmet Aras, &#8220;\u00d6nceli\u011fimiz do\u011fal kaynaklar\u0131m\u0131z\u0131 korumak. Bizim en b\u00fcy\u00fck \u00f6nceli\u011fimiz d\u00fcnya kenti olan Mu\u011flam\u0131z\u0131n do\u011fal g\u00fczelliklerini ve insan ya\u015fam\u0131n\u0131n kayna\u011f\u0131 olan suyumuzu korumak. Bu kapsamda \u00f6ncelikle suyun geri d\u00f6n\u00fc\u015f\u00fcm\u00fc i\u00e7in \u00e7al\u0131\u015f\u0131yoruz. \u0130leri Biyolojik ar\u0131tma tesislerimizde at\u0131ksuyu ar\u0131t\u0131yor ve ye\u015fil alan sulamas\u0131nda kullan\u0131yoruz. B\u00f6ylelikle hem bu suyun mavi denizlerimize zarar vermesini engelliyor hem de tasarruf sa\u011flam\u0131\u015f oluyoruz. \u00d6n\u00fcm\u00fczdeki s\u00fcre\u00e7te ihtiya\u00e7 olan b\u00f6lgelerimiz i\u00e7in ba\u015flad\u0131\u011f\u0131m\u0131z yeni ar\u0131tma tesisi yat\u0131r\u0131mlar\u0131 i\u00e7in proje \u00e7al\u0131\u015fmalar\u0131m\u0131z var. Bu \u00e7al\u0131\u015fmalarla kentimizin her noktas\u0131nda ar\u0131tma hizmeti vermeye gayret edece\u011fiz. \u00c7evrenin korunmas\u0131na y\u00f6nelik i\u00e7in b\u00fcy\u00fck gayret sarf ediyoruz. Ar\u0131tma konusunda tesislerimizin iyile\u015ftirilmesi ve yeni tesislerin hayata ge\u00e7irilmesi y\u00f6n\u00fcnde yeni projelerimiz bulunuyor&#8221; dedi.<br \/><\/p>\n","protected":false},"excerpt":{"rendered":"<p>Mu\u011fla B\u00fcy\u00fck\u015fehir Belediyesi Su ve Kanalizasyon \u0130daresi (MUSK\u0130) Genel M\u00fcd\u00fcrl\u00fc\u011f\u00fc taraf\u0131ndan Milas il\u00e7esi \u00d6ren Mahallesi\u2019nde yap\u0131m\u0131na ba\u015flan\u0131lan \u0130leri Biyolojik At\u0131ksu Ar\u0131tma Tesisi tamamland\u0131. Mu\u011fla B\u00fcy\u00fck\u015fehir Belediye Ba\u015fkan\u0131 Ahmet Aras\u2019\u0131n, &#8221; G\u00fc\u00e7l\u00fc Altyap\u0131 G\u00fc\u00e7l\u00fc Mu\u011fla&#8221; anlay\u0131\u015f\u0131n\u0131n bir \u00fcr\u00fcn\u00fc olan bu tesis, gelecekteki n\u00fcfus art\u0131\u015f\u0131 dikkate g\u00f6z \u00f6n\u00fcne al\u0131narak in\u015fa edildi. 20 bin ki\u015fiye hizmet verebilecek kapasiteye&#8230;<\/p>\n","protected":false},"author":1,"featured_media":60798,"comment_status":"open","ping_status":"open","sticky":false,"template":"","format":"standard","meta":{"_crdt_document":"","footnotes":""},"categories":[1],"tags":[],"class_list":["post-60797","post","type-post","status-publish","format-standard","has-post-thumbnail","hentry","category-guncel"],"_links":{"self":[{"href":"https:\/\/www.egemtv.com\/index.php?rest_route=\/wp\/v2\/posts\/60797","targetHints":{"allow":["GET"]}}],"collection":[{"href":"https:\/\/www.egemtv.com\/index.php?rest_route=\/wp\/v2\/posts"}],"about":[{"href":"https:\/\/www.egemtv.com\/index.php?rest_route=\/wp\/v2\/types\/post"}],"author":[{"embeddable":true,"href":"https:\/\/www.egemtv.com\/index.php?rest_route=\/wp\/v2\/users\/1"}],"replies":[{"embeddable":true,"href":"https:\/\/www.egemtv.com\/index.php?rest_route=%2Fwp%2Fv2%2Fcomments&post=60797"}],"version-history":[{"count":1,"href":"https:\/\/www.egemtv.com\/index.php?rest_route=\/wp\/v2\/posts\/60797\/revisions"}],"predecessor-version":[{"id":60799,"href":"https:\/\/www.egemtv.com\/index.php?rest_route=\/wp\/v2\/posts\/60797\/revisions\/60799"}],"wp:featuredmedia":[{"embeddable":true,"href":"https:\/\/www.egemtv.com\/index.php?rest_route=\/wp\/v2\/media\/60798"}],"wp:attachment":[{"href":"https:\/\/www.egemtv.com\/index.php?rest_route=%2Fwp%2Fv2%2Fmedia&parent=60797"}],"wp:term":[{"taxonomy":"category","embeddable":true,"href":"https:\/\/www.egemtv.com\/index.php?rest_route=%2Fwp%2Fv2%2Fcategories&post=60797"},{"taxonomy":"post_tag","embeddable":true,"href":"https:\/\/www.egemtv.com\/index.php?rest_route=%2Fwp%2Fv2%2Ftags&post=60797"}],"curies":[{"name":"wp","href":"https:\/\/api.w.org\/{rel}","templated":true}]}}