{"id":60794,"date":"2025-10-11T16:34:48","date_gmt":"2025-10-11T13:34:48","guid":{"rendered":"https:\/\/www.egemtv.com\/?p=60794"},"modified":"2025-10-11T16:34:49","modified_gmt":"2025-10-11T13:34:49","slug":"burdur-polisi-kades-ve-dolandiriciliga-karsi-vatandaslari-bilgilendirdi","status":"publish","type":"post","link":"https:\/\/www.egemtv.com\/?p=60794","title":{"rendered":"Burdur polisi KADES ve doland\u0131r\u0131c\u0131l\u0131\u011fa kar\u015f\u0131 vatanda\u015flar\u0131 bilgilendirdi"},"content":{"rendered":"<p>Burdur\u2019da polis ekipleri taraf\u0131ndan kentin i\u015flek caddelerinde KADES ve doland\u0131r\u0131c\u0131l\u0131\u011fa kar\u015f\u0131 bilgilendirme \u00e7al\u0131\u015fmas\u0131 yap\u0131ld\u0131.<br \/>\n<br \/>Burdur \u0130l Emniyet M\u00fcd\u00fcrl\u00fc\u011f\u00fc Toplum Destekli Polislik \u015eube M\u00fcd\u00fcrl\u00fc\u011f\u00fc ekipleri, vatanda\u015flar\u0131n g\u00fcvenli\u011fi i\u00e7in bilgilendirme \u00e7al\u0131\u015fmalar\u0131na devam ediyor. Toplum Destekli Polislik \u015eube M\u00fcd\u00fcrl\u00fc\u011f\u00fc ekiplerince yap\u0131lan uygulamada, Gazi Caddesi ve Atat\u00fcrk Caddesi \u00fczerinde kurulan bilgilendirme noktalar\u0131nda vatanda\u015flara KADES (Kad\u0131n Destek Uygulamas\u0131) hakk\u0131nda bilgi verildi. Polis ekipleri, doland\u0131r\u0131c\u0131l\u0131k olaylar\u0131na kar\u015f\u0131 al\u0131nabilecek \u00f6nlemleri de payla\u015farak, vatanda\u015flara bro\u015f\u00fcr da\u011f\u0131tt\u0131.<br \/><\/p>\n","protected":false},"excerpt":{"rendered":"<p>Burdur\u2019da polis ekipleri taraf\u0131ndan kentin i\u015flek caddelerinde KADES ve doland\u0131r\u0131c\u0131l\u0131\u011fa kar\u015f\u0131 bilgilendirme \u00e7al\u0131\u015fmas\u0131 yap\u0131ld\u0131. Burdur \u0130l Emniyet M\u00fcd\u00fcrl\u00fc\u011f\u00fc Toplum Destekli Polislik \u015eube M\u00fcd\u00fcrl\u00fc\u011f\u00fc ekipleri, vatanda\u015flar\u0131n g\u00fcvenli\u011fi i\u00e7in bilgilendirme \u00e7al\u0131\u015fmalar\u0131na devam ediyor. Toplum Destekli Polislik \u015eube M\u00fcd\u00fcrl\u00fc\u011f\u00fc ekiplerince yap\u0131lan uygulamada, Gazi Caddesi ve Atat\u00fcrk Caddesi \u00fczerinde kurulan bilgilendirme noktalar\u0131nda vatanda\u015flara KADES (Kad\u0131n Destek Uygulamas\u0131) hakk\u0131nda bilgi&#8230;<\/p>\n","protected":false},"author":1,"featured_media":60795,"comment_status":"open","ping_status":"open","sticky":false,"template":"","format":"standard","meta":{"_crdt_document":"","footnotes":""},"categories":[5],"tags":[],"class_list":["post-60794","post","type-post","status-publish","format-standard","has-post-thumbnail","hentry","category-asayis"],"_links":{"self":[{"href":"https:\/\/www.egemtv.com\/index.php?rest_route=\/wp\/v2\/posts\/60794","targetHints":{"allow":["GET"]}}],"collection":[{"href":"https:\/\/www.egemtv.com\/index.php?rest_route=\/wp\/v2\/posts"}],"about":[{"href":"https:\/\/www.egemtv.com\/index.php?rest_route=\/wp\/v2\/types\/post"}],"author":[{"embeddable":true,"href":"https:\/\/www.egemtv.com\/index.php?rest_route=\/wp\/v2\/users\/1"}],"replies":[{"embeddable":true,"href":"https:\/\/www.egemtv.com\/index.php?rest_route=%2Fwp%2Fv2%2Fcomments&post=60794"}],"version-history":[{"count":1,"href":"https:\/\/www.egemtv.com\/index.php?rest_route=\/wp\/v2\/posts\/60794\/revisions"}],"predecessor-version":[{"id":60796,"href":"https:\/\/www.egemtv.com\/index.php?rest_route=\/wp\/v2\/posts\/60794\/revisions\/60796"}],"wp:featuredmedia":[{"embeddable":true,"href":"https:\/\/www.egemtv.com\/index.php?rest_route=\/wp\/v2\/media\/60795"}],"wp:attachment":[{"href":"https:\/\/www.egemtv.com\/index.php?rest_route=%2Fwp%2Fv2%2Fmedia&parent=60794"}],"wp:term":[{"taxonomy":"category","embeddable":true,"href":"https:\/\/www.egemtv.com\/index.php?rest_route=%2Fwp%2Fv2%2Fcategories&post=60794"},{"taxonomy":"post_tag","embeddable":true,"href":"https:\/\/www.egemtv.com\/index.php?rest_route=%2Fwp%2Fv2%2Ftags&post=60794"}],"curies":[{"name":"wp","href":"https:\/\/api.w.org\/{rel}","templated":true}]}}