{"id":60791,"date":"2025-10-11T16:34:46","date_gmt":"2025-10-11T13:34:46","guid":{"rendered":"https:\/\/www.egemtv.com\/?p=60791"},"modified":"2025-10-11T16:34:47","modified_gmt":"2025-10-11T13:34:47","slug":"bucakta-afad-tarafindan-afet-farkindalik-egitimi","status":"publish","type":"post","link":"https:\/\/www.egemtv.com\/?p=60791","title":{"rendered":"Bucak\u2019ta AFAD taraf\u0131ndan Afet Fark\u0131ndal\u0131k E\u011fitimi"},"content":{"rendered":"<p>Burdur\u2019un Bucak il\u00e7esinde Afet ve Acil Durum M\u00fcd\u00fcrl\u00fc\u011f\u00fc (AFAD) ekipleri taraf\u0131ndan \u00fcniversite \u00f6\u011frencilerine Afet Fark\u0131ndal\u0131k E\u011fitimi verildi.<br \/>\n<br \/>Burdur\u2019un Bucak il\u00e7esinde AFAD ekipleri taraf\u0131ndan Gen\u00e7lik ve Spor \u0130l M\u00fcd\u00fcrl\u00fc\u011f\u00fcne ba\u011fl\u0131 Bucak Yurt M\u00fcd\u00fcrl\u00fc\u011f\u00fc ve Merkez Yurt M\u00fcd\u00fcrl\u00fc\u011f\u00fc\u2019nde \u00f6\u011frencilere ve \u00e7al\u0131\u015fanlara y\u00f6nelik Afet Fark\u0131ndal\u0131k E\u011fitimi verildi. E\u011fitim \u00e7er\u00e7evesinde afet esnas\u0131nda ve afet sonras\u0131nda yap\u0131lmas\u0131 gerekenler uygulamalar\u0131 bir \u015fekilde ekipler taraf\u0131ndan anlat\u0131ld\u0131.<br \/><\/p>\n","protected":false},"excerpt":{"rendered":"<p>Burdur\u2019un Bucak il\u00e7esinde Afet ve Acil Durum M\u00fcd\u00fcrl\u00fc\u011f\u00fc (AFAD) ekipleri taraf\u0131ndan \u00fcniversite \u00f6\u011frencilerine Afet Fark\u0131ndal\u0131k E\u011fitimi verildi. Burdur\u2019un Bucak il\u00e7esinde AFAD ekipleri taraf\u0131ndan Gen\u00e7lik ve Spor \u0130l M\u00fcd\u00fcrl\u00fc\u011f\u00fcne ba\u011fl\u0131 Bucak Yurt M\u00fcd\u00fcrl\u00fc\u011f\u00fc ve Merkez Yurt M\u00fcd\u00fcrl\u00fc\u011f\u00fc\u2019nde \u00f6\u011frencilere ve \u00e7al\u0131\u015fanlara y\u00f6nelik Afet Fark\u0131ndal\u0131k E\u011fitimi verildi. E\u011fitim \u00e7er\u00e7evesinde afet esnas\u0131nda ve afet sonras\u0131nda yap\u0131lmas\u0131 gerekenler uygulamalar\u0131 bir&#8230;<\/p>\n","protected":false},"author":1,"featured_media":60792,"comment_status":"open","ping_status":"open","sticky":false,"template":"","format":"standard","meta":{"_crdt_document":"","footnotes":""},"categories":[1],"tags":[],"class_list":["post-60791","post","type-post","status-publish","format-standard","has-post-thumbnail","hentry","category-guncel"],"_links":{"self":[{"href":"https:\/\/www.egemtv.com\/index.php?rest_route=\/wp\/v2\/posts\/60791","targetHints":{"allow":["GET"]}}],"collection":[{"href":"https:\/\/www.egemtv.com\/index.php?rest_route=\/wp\/v2\/posts"}],"about":[{"href":"https:\/\/www.egemtv.com\/index.php?rest_route=\/wp\/v2\/types\/post"}],"author":[{"embeddable":true,"href":"https:\/\/www.egemtv.com\/index.php?rest_route=\/wp\/v2\/users\/1"}],"replies":[{"embeddable":true,"href":"https:\/\/www.egemtv.com\/index.php?rest_route=%2Fwp%2Fv2%2Fcomments&post=60791"}],"version-history":[{"count":1,"href":"https:\/\/www.egemtv.com\/index.php?rest_route=\/wp\/v2\/posts\/60791\/revisions"}],"predecessor-version":[{"id":60793,"href":"https:\/\/www.egemtv.com\/index.php?rest_route=\/wp\/v2\/posts\/60791\/revisions\/60793"}],"wp:featuredmedia":[{"embeddable":true,"href":"https:\/\/www.egemtv.com\/index.php?rest_route=\/wp\/v2\/media\/60792"}],"wp:attachment":[{"href":"https:\/\/www.egemtv.com\/index.php?rest_route=%2Fwp%2Fv2%2Fmedia&parent=60791"}],"wp:term":[{"taxonomy":"category","embeddable":true,"href":"https:\/\/www.egemtv.com\/index.php?rest_route=%2Fwp%2Fv2%2Fcategories&post=60791"},{"taxonomy":"post_tag","embeddable":true,"href":"https:\/\/www.egemtv.com\/index.php?rest_route=%2Fwp%2Fv2%2Ftags&post=60791"}],"curies":[{"name":"wp","href":"https:\/\/api.w.org\/{rel}","templated":true}]}}