{"id":60788,"date":"2025-10-11T16:15:14","date_gmt":"2025-10-11T13:15:14","guid":{"rendered":"https:\/\/www.egemtv.com\/?p=60788"},"modified":"2025-10-11T16:15:15","modified_gmt":"2025-10-11T13:15:15","slug":"sahte-alkol-testi-sebekesinin-5-uyesi-tutuklandi","status":"publish","type":"post","link":"https:\/\/www.egemtv.com\/?p=60788","title":{"rendered":"Sahte alkol testi \u015febekesinin 5 \u00fcyesi tutukland\u0131"},"content":{"rendered":"<p>Denizli\u2019de alkoll\u00fc ara\u00e7 kulland\u0131klar\u0131 i\u00e7in ehliyetlerine el konulan s\u00fcr\u00fcc\u00fclere ula\u015f\u0131p ba\u015fkalar\u0131na kan verdirerek veya tahlil sonu\u00e7lar\u0131yla oynayarak mahkeme sevk edilen 13 \u00fcyeden 5\u2019i tutuklanarak cezaevine g\u00f6nderildi.<\/p>\n<p>Denizli Emniyet M\u00fcd\u00fcrl\u00fc\u011f\u00fc Ka\u00e7ak\u00e7\u0131l\u0131k ve Organize Su\u00e7larla M\u00fccadele (KOM) \u015eube M\u00fcd\u00fcrl\u00fc\u011f\u00fc ekipleri, trafik denetimleri s\u0131ras\u0131nda alkoll\u00fc ara\u00e7 kulland\u0131klar\u0131 tespit edilerek para cezas\u0131 kesilen ve ehliyetlerine bir s\u00fcre el konulan s\u00fcr\u00fcc\u00fclere ehliyetlerini geri ald\u0131rmay\u0131 vaat eden \u015febekeyi takibe ald\u0131. Denizli Cumhuriyet Ba\u015fsavc\u0131l\u0131\u011f\u0131 koordinesinde y\u00fcr\u00fct\u00fclen soru\u015fturma kapsam\u0131nda, KOM ekipleri taraf\u0131ndan titizlikle y\u00fcr\u00fct\u00fclen \u00e7al\u0131\u015fmalarda, \u015febeke \u00fcyelerinin arac\u0131lar vas\u0131tas\u0131yla s\u00fcr\u00fcc\u00fclere ula\u015ft\u0131\u011f\u0131 tespit edildi. S\u00fcr\u00fcc\u00fclerin ayn\u0131 g\u00fcn hastanelere y\u00f6nlendirerek, kan verdirip tahlil sonu\u00e7lar\u0131n\u0131 de\u011fi\u015ftirerek promil oranlar\u0131n\u0131 yasal s\u0131n\u0131rlar\u0131n alt\u0131nda g\u00f6steren veya ehliyetini kapt\u0131ran s\u00fcr\u00fcc\u00fcn\u00fcn yerine ba\u015fkas\u0131na kan sonucu verdirerek mahkemeye ba\u015fvuru yapt\u0131rd\u0131klar\u0131 ortaya \u00e7\u0131kt\u0131.<\/p>\n<p>\u015eebekenin d\u00fczenlenmesi i\u00e7in farkl\u0131 zamanlarda d\u00fczenlenen operasyonlarda toplam 42 \u015f\u00fcpheli g\u00f6zalt\u0131na al\u0131nd\u0131. \u015e\u00fcphelilerden 29\u2019u emniyetteki ifade i\u015flemlerinin ard\u0131ndan serbest b\u0131rak\u0131l\u0131rken, aralar\u0131nda kamu g\u00f6revlilerinin de bulundu\u011fu 13 \u015f\u00fcpheli geni\u015f g\u00fcvenlik \u00f6nlemleri alt\u0131nda adliyeye sevk edildi. \u015eebekeyle irtibata ge\u00e7erek y\u00f6nlendirildikleri hastanelerde ayn\u0131 g\u00fcn verdikleri tahlil sonu\u00e7lar\u0131 de\u011fi\u015ftirilerek veya kendileri yerine ba\u015fkalar\u0131n\u0131n hastaneye giderek kan vermesi sonucu ehliyetlerini mahkeme karar\u0131yla geri alan 100 s\u00fcr\u00fcc\u00fcn\u00fcn belgelerinin ise iptal edilece\u011fi \u00f6\u011frenildi.<\/p>\n<p>Adli makamlara sevk edilen 13 \u015f\u00fcpheli \u015fah\u0131stan 5 tanesi &#8220;Nitelikli Doland\u0131r\u0131c\u0131l\u0131k&#8221; su\u00e7undan tutuklanarak cezaevine g\u00f6nderildi.<br \/><\/p>\n","protected":false},"excerpt":{"rendered":"<p>Denizli\u2019de alkoll\u00fc ara\u00e7 kulland\u0131klar\u0131 i\u00e7in ehliyetlerine el konulan s\u00fcr\u00fcc\u00fclere ula\u015f\u0131p ba\u015fkalar\u0131na kan verdirerek veya tahlil sonu\u00e7lar\u0131yla oynayarak mahkeme sevk edilen 13 \u00fcyeden 5\u2019i tutuklanarak cezaevine g\u00f6nderildi. Denizli Emniyet M\u00fcd\u00fcrl\u00fc\u011f\u00fc Ka\u00e7ak\u00e7\u0131l\u0131k ve Organize Su\u00e7larla M\u00fccadele (KOM) \u015eube M\u00fcd\u00fcrl\u00fc\u011f\u00fc ekipleri, trafik denetimleri s\u0131ras\u0131nda alkoll\u00fc ara\u00e7 kulland\u0131klar\u0131 tespit edilerek para cezas\u0131 kesilen ve ehliyetlerine bir s\u00fcre el konulan&#8230;<\/p>\n","protected":false},"author":1,"featured_media":60789,"comment_status":"open","ping_status":"open","sticky":false,"template":"","format":"standard","meta":{"_crdt_document":"","footnotes":""},"categories":[5],"tags":[],"class_list":["post-60788","post","type-post","status-publish","format-standard","has-post-thumbnail","hentry","category-asayis"],"_links":{"self":[{"href":"https:\/\/www.egemtv.com\/index.php?rest_route=\/wp\/v2\/posts\/60788","targetHints":{"allow":["GET"]}}],"collection":[{"href":"https:\/\/www.egemtv.com\/index.php?rest_route=\/wp\/v2\/posts"}],"about":[{"href":"https:\/\/www.egemtv.com\/index.php?rest_route=\/wp\/v2\/types\/post"}],"author":[{"embeddable":true,"href":"https:\/\/www.egemtv.com\/index.php?rest_route=\/wp\/v2\/users\/1"}],"replies":[{"embeddable":true,"href":"https:\/\/www.egemtv.com\/index.php?rest_route=%2Fwp%2Fv2%2Fcomments&post=60788"}],"version-history":[{"count":1,"href":"https:\/\/www.egemtv.com\/index.php?rest_route=\/wp\/v2\/posts\/60788\/revisions"}],"predecessor-version":[{"id":60790,"href":"https:\/\/www.egemtv.com\/index.php?rest_route=\/wp\/v2\/posts\/60788\/revisions\/60790"}],"wp:featuredmedia":[{"embeddable":true,"href":"https:\/\/www.egemtv.com\/index.php?rest_route=\/wp\/v2\/media\/60789"}],"wp:attachment":[{"href":"https:\/\/www.egemtv.com\/index.php?rest_route=%2Fwp%2Fv2%2Fmedia&parent=60788"}],"wp:term":[{"taxonomy":"category","embeddable":true,"href":"https:\/\/www.egemtv.com\/index.php?rest_route=%2Fwp%2Fv2%2Fcategories&post=60788"},{"taxonomy":"post_tag","embeddable":true,"href":"https:\/\/www.egemtv.com\/index.php?rest_route=%2Fwp%2Fv2%2Ftags&post=60788"}],"curies":[{"name":"wp","href":"https:\/\/api.w.org\/{rel}","templated":true}]}}