{"id":60785,"date":"2025-10-11T14:51:52","date_gmt":"2025-10-11T11:51:52","guid":{"rendered":"https:\/\/www.egemtv.com\/?p=60785"},"modified":"2025-10-11T14:51:53","modified_gmt":"2025-10-11T11:51:53","slug":"ak-parti-genel-baskan-yardimcisi-sirakaya-baskan-cercioglunu-tebrik-etti","status":"publish","type":"post","link":"https:\/\/www.egemtv.com\/?p=60785","title":{"rendered":"AK Parti Genel Ba\u015fkan Yard\u0131mc\u0131s\u0131 S\u0131rakaya, Ba\u015fkan \u00c7er\u00e7io\u011flu\u2019nu tebrik etti"},"content":{"rendered":"<p>Ayd\u0131n B\u00fcy\u00fck\u015fehir Belediye Ba\u015fkan\u0131 \u00d6zlem \u00c7er\u00e7io\u011flu\u2019nu ziyaret eden AK Parti Genel Ba\u015fkan Yard\u0131mc\u0131s\u0131 Zafer S\u0131rakaya, \u00e7al\u0131\u015fmalar\u0131ndan dolay\u0131 \u00c7er\u00e7io\u011flu\u2019nu tebrik etti.<br \/>\n<br \/>Adalet ve Kalk\u0131nma Partisi (AK Parti) Genel Ba\u015fkan Yard\u0131mc\u0131s\u0131 ve D\u0131\u015f \u0130li\u015fkiler Ba\u015fkan\u0131 Zafer S\u0131rakaya, Ayd\u0131n B\u00fcy\u00fck\u015fehir Belediye Ba\u015fkan\u0131 \u00d6zlem \u00c7er\u00e7io\u011flu\u2019nu makam\u0131nda ziyaret etti. AK Parti Ayd\u0131n \u0130l Ba\u015fkan\u0131 Mehmet Erdem, Ayd\u0131n Milletvekilleri Seda Sar\u0131ba\u015f ve Mustafa Sava\u015f ile MKYK \u00dcyesi Mehmet Umut Tuncer ve K\u00f6\u015fk Belediye Ba\u015fkan\u0131 Nuri G\u00fcler\u2019in de bulundu\u011fu nezaket ziyaretinde S\u0131rakaya, Ba\u015fkan \u00c7er\u00e7io\u011flu\u2019nu Ayd\u0131n\u2019da ger\u00e7ekle\u015ftirdi\u011fi ba\u015far\u0131l\u0131 \u00e7al\u0131\u015fmalar\u0131ndan dolay\u0131 tebrik ederek ba\u015far\u0131lar\u0131n\u0131n devam\u0131n\u0131 diledi. \u00c7er\u00e7io\u011flu ise S\u0131rakaya ve beraberindeki heyete nazik ziyaretleri i\u00e7in te\u015fekk\u00fcr ederek, her zaman Ayd\u0131n ve Ayd\u0131nl\u0131lar i\u00e7in hizmet etmey devam edeceklerini vurgulad\u0131.<br \/><\/p>\n","protected":false},"excerpt":{"rendered":"<p>Ayd\u0131n B\u00fcy\u00fck\u015fehir Belediye Ba\u015fkan\u0131 \u00d6zlem \u00c7er\u00e7io\u011flu\u2019nu ziyaret eden AK Parti Genel Ba\u015fkan Yard\u0131mc\u0131s\u0131 Zafer S\u0131rakaya, \u00e7al\u0131\u015fmalar\u0131ndan dolay\u0131 \u00c7er\u00e7io\u011flu\u2019nu tebrik etti. Adalet ve Kalk\u0131nma Partisi (AK Parti) Genel Ba\u015fkan Yard\u0131mc\u0131s\u0131 ve D\u0131\u015f \u0130li\u015fkiler Ba\u015fkan\u0131 Zafer S\u0131rakaya, Ayd\u0131n B\u00fcy\u00fck\u015fehir Belediye Ba\u015fkan\u0131 \u00d6zlem \u00c7er\u00e7io\u011flu\u2019nu makam\u0131nda ziyaret etti. AK Parti Ayd\u0131n \u0130l Ba\u015fkan\u0131 Mehmet Erdem, Ayd\u0131n Milletvekilleri Seda Sar\u0131ba\u015f&#8230;<\/p>\n","protected":false},"author":1,"featured_media":60786,"comment_status":"open","ping_status":"open","sticky":false,"template":"","format":"standard","meta":{"_crdt_document":"","footnotes":""},"categories":[1],"tags":[],"class_list":["post-60785","post","type-post","status-publish","format-standard","has-post-thumbnail","hentry","category-guncel"],"_links":{"self":[{"href":"https:\/\/www.egemtv.com\/index.php?rest_route=\/wp\/v2\/posts\/60785","targetHints":{"allow":["GET"]}}],"collection":[{"href":"https:\/\/www.egemtv.com\/index.php?rest_route=\/wp\/v2\/posts"}],"about":[{"href":"https:\/\/www.egemtv.com\/index.php?rest_route=\/wp\/v2\/types\/post"}],"author":[{"embeddable":true,"href":"https:\/\/www.egemtv.com\/index.php?rest_route=\/wp\/v2\/users\/1"}],"replies":[{"embeddable":true,"href":"https:\/\/www.egemtv.com\/index.php?rest_route=%2Fwp%2Fv2%2Fcomments&post=60785"}],"version-history":[{"count":1,"href":"https:\/\/www.egemtv.com\/index.php?rest_route=\/wp\/v2\/posts\/60785\/revisions"}],"predecessor-version":[{"id":60787,"href":"https:\/\/www.egemtv.com\/index.php?rest_route=\/wp\/v2\/posts\/60785\/revisions\/60787"}],"wp:featuredmedia":[{"embeddable":true,"href":"https:\/\/www.egemtv.com\/index.php?rest_route=\/wp\/v2\/media\/60786"}],"wp:attachment":[{"href":"https:\/\/www.egemtv.com\/index.php?rest_route=%2Fwp%2Fv2%2Fmedia&parent=60785"}],"wp:term":[{"taxonomy":"category","embeddable":true,"href":"https:\/\/www.egemtv.com\/index.php?rest_route=%2Fwp%2Fv2%2Fcategories&post=60785"},{"taxonomy":"post_tag","embeddable":true,"href":"https:\/\/www.egemtv.com\/index.php?rest_route=%2Fwp%2Fv2%2Ftags&post=60785"}],"curies":[{"name":"wp","href":"https:\/\/api.w.org\/{rel}","templated":true}]}}