{"id":60782,"date":"2025-10-11T14:15:28","date_gmt":"2025-10-11T11:15:28","guid":{"rendered":"https:\/\/www.egemtv.com\/?p=60782"},"modified":"2025-10-11T14:15:29","modified_gmt":"2025-10-11T11:15:29","slug":"manisali-sehide-son-gorev","status":"publish","type":"post","link":"https:\/\/www.egemtv.com\/?p=60782","title":{"rendered":"Manisal\u0131 \u015fehide son g\u00f6rev"},"content":{"rendered":"<p>Sakarya\u2019n\u0131n Akyaz\u0131 il\u00e7esinde meydana gelen trafik kazas\u0131nda \u015fehit olan Jandarma Astsubay K\u0131demli \u00c7avu\u015f Hakk\u0131 Ery\u0131lmaz, memleketi Manisa\u2019n\u0131n Akhisar il\u00e7esine ba\u011fl\u0131 Ye\u011fenoba Mahallesi\u2019nde d\u00fczenlenen cenaze t\u00f6reninin ard\u0131ndan topra\u011fa verildi.<br \/>\n<br \/>10 Ekim Cuma g\u00fcn\u00fc saat 11.00 s\u0131ralar\u0131nda Sakarya\u2019n\u0131n Akyaz\u0131 il\u00e7esi Vak\u0131f Mahallesi\u2019nde otoyol \u00fczerindeki Vak\u0131f K\u00f6pr\u00fcs\u00fc\u2019nde meydana gelen kazada, sivil jandarma arac\u0131 oldu\u011fu \u00f6\u011frenilen 54 EP 891 plakal\u0131 SUV ara\u00e7 ile 54 ABC 591 plakal\u0131 otomobil kafa kafaya \u00e7arp\u0131\u015ft\u0131. \u00c7arp\u0131\u015fman\u0131n etkisiyle iki ara\u00e7 da hurdaya d\u00f6nd\u00fc. \u0130hbar \u00fczerine olay yerine sa\u011fl\u0131k, itfaiye ve jandarma ekipleri sevk edildi. Sa\u011fl\u0131k ekiplerince yap\u0131lan kontrollerde 54 EP 891 plakal\u0131 ara\u00e7ta bulunan Jandarma Astsubay K\u0131demli \u00c7avu\u015f Tacettin G\u00fcn ve Hakk\u0131 Ery\u0131lmaz\u2019\u0131n \u015fehit oldu\u011fu belirlendi. Di\u011fer otomobilde bulunan 2 ki\u015fi ise yaral\u0131 olarak hastaneye kald\u0131r\u0131ld\u0131.<\/p>\n<p>Manisal\u0131 \u015fehide son g\u00f6rev<br \/>\n<br \/>Jandarma Astsubay K\u0131demli \u00c7avu\u015f Hakk\u0131 Ery\u0131lmaz i\u00e7in memleketi Manisa\u2019n\u0131n Akhisar il\u00e7esine ba\u011fl\u0131 Ye\u011fenoba Mahallesi\u2019nde cenaze t\u00f6reni d\u00fczenlendi. Cenazenin getirildi\u011fi baba oca\u011f\u0131nda anne Zeliha Ery\u0131lmaz\u2019\u0131n feryatlar\u0131 y\u00fcrekleri da\u011flarken, baba Mehmet Ery\u0131lmaz ise metanetli durarak &#8220;Bug\u00fcn dayanaca\u011f\u0131z&#8221; dedi. Cenaze namaz\u0131ndan \u00f6nce tabutun ba\u015f\u0131na gelen \u015fehidin annesi Zeliha Ery\u0131lmaz ve e\u015fi Ayten Ery\u0131lmaz g\u00f6zya\u015f\u0131 d\u00f6kt\u00fc. K\u0131l\u0131nan cenaze namaz\u0131n\u0131n ard\u0131ndan \u015fehit Hakk\u0131 Ery\u0131lmaz\u2019\u0131n cenazesi mahalle mezarl\u0131\u011f\u0131nda topra\u011fa verildi.<br \/>\n<br \/>Cenaze namaz\u0131n\u0131 Manisa \u0130l M\u00fcft\u00fcs\u00fc \u015e\u00fckr\u00fc Kabuk\u00e7u\u2019nun k\u0131ld\u0131rd\u0131\u011f\u0131 t\u00f6rene Manisa Valisi Vahdettin \u00d6zkan, \u0130zmir \u0130l Jandarma Komutan\u0131 T\u00fcmgeneral Metin D\u00fcz, Manisa \u0130l Jandarma Komutan\u0131 Tu\u011fgeneral \u0130lhan \u015een, Manisa Tugay Komutan\u0131 Albay Cengiz G\u00fcven, Manisa \u0130l Emniyet M\u00fcd\u00fcr\u00fc Fahri Akta\u015f, Akhisar Hava Meydan Komutan\u0131 Albay Mutlu Ya\u015far Kaplan, Manisa Aile ve Sosyal Hizmetler M\u00fcd\u00fcr\u00fc Mustafa K\u0131l\u0131\u00e7, \u015fehit ailesi ve vatanda\u015flar kat\u0131ld\u0131.<br \/><\/p>\n","protected":false},"excerpt":{"rendered":"<p>Sakarya\u2019n\u0131n Akyaz\u0131 il\u00e7esinde meydana gelen trafik kazas\u0131nda \u015fehit olan Jandarma Astsubay K\u0131demli \u00c7avu\u015f Hakk\u0131 Ery\u0131lmaz, memleketi Manisa\u2019n\u0131n Akhisar il\u00e7esine ba\u011fl\u0131 Ye\u011fenoba Mahallesi\u2019nde d\u00fczenlenen cenaze t\u00f6reninin ard\u0131ndan topra\u011fa verildi. 10 Ekim Cuma g\u00fcn\u00fc saat 11.00 s\u0131ralar\u0131nda Sakarya\u2019n\u0131n Akyaz\u0131 il\u00e7esi Vak\u0131f Mahallesi\u2019nde otoyol \u00fczerindeki Vak\u0131f K\u00f6pr\u00fcs\u00fc\u2019nde meydana gelen kazada, sivil jandarma arac\u0131 oldu\u011fu \u00f6\u011frenilen 54 EP 891&#8230;<\/p>\n","protected":false},"author":1,"featured_media":60783,"comment_status":"open","ping_status":"open","sticky":false,"template":"","format":"standard","meta":{"_crdt_document":"","footnotes":""},"categories":[1],"tags":[],"class_list":["post-60782","post","type-post","status-publish","format-standard","has-post-thumbnail","hentry","category-guncel"],"_links":{"self":[{"href":"https:\/\/www.egemtv.com\/index.php?rest_route=\/wp\/v2\/posts\/60782","targetHints":{"allow":["GET"]}}],"collection":[{"href":"https:\/\/www.egemtv.com\/index.php?rest_route=\/wp\/v2\/posts"}],"about":[{"href":"https:\/\/www.egemtv.com\/index.php?rest_route=\/wp\/v2\/types\/post"}],"author":[{"embeddable":true,"href":"https:\/\/www.egemtv.com\/index.php?rest_route=\/wp\/v2\/users\/1"}],"replies":[{"embeddable":true,"href":"https:\/\/www.egemtv.com\/index.php?rest_route=%2Fwp%2Fv2%2Fcomments&post=60782"}],"version-history":[{"count":1,"href":"https:\/\/www.egemtv.com\/index.php?rest_route=\/wp\/v2\/posts\/60782\/revisions"}],"predecessor-version":[{"id":60784,"href":"https:\/\/www.egemtv.com\/index.php?rest_route=\/wp\/v2\/posts\/60782\/revisions\/60784"}],"wp:featuredmedia":[{"embeddable":true,"href":"https:\/\/www.egemtv.com\/index.php?rest_route=\/wp\/v2\/media\/60783"}],"wp:attachment":[{"href":"https:\/\/www.egemtv.com\/index.php?rest_route=%2Fwp%2Fv2%2Fmedia&parent=60782"}],"wp:term":[{"taxonomy":"category","embeddable":true,"href":"https:\/\/www.egemtv.com\/index.php?rest_route=%2Fwp%2Fv2%2Fcategories&post=60782"},{"taxonomy":"post_tag","embeddable":true,"href":"https:\/\/www.egemtv.com\/index.php?rest_route=%2Fwp%2Fv2%2Ftags&post=60782"}],"curies":[{"name":"wp","href":"https:\/\/api.w.org\/{rel}","templated":true}]}}