{"id":60779,"date":"2025-10-11T13:34:45","date_gmt":"2025-10-11T10:34:45","guid":{"rendered":"https:\/\/www.egemtv.com\/?p=60779"},"modified":"2025-10-11T13:34:46","modified_gmt":"2025-10-11T10:34:46","slug":"arastirmaci-yazar-ucar-salihlinin-kurtulus-yolunu-anlatti","status":"publish","type":"post","link":"https:\/\/www.egemtv.com\/?p=60779","title":{"rendered":"Ara\u015ft\u0131rmac\u0131 Yazar U\u00e7ar, Salihli\u2019nin \u2018Kurtulu\u015f Yolu\u2019nu anlatt\u0131"},"content":{"rendered":"<p>Yazar Mustafa U\u00e7ar oldu.<br \/>\n<br \/>T\u00fcrk Ocaklar\u0131 Salihli \u015eubesi\u2019nde ger\u00e7ekle\u015fen konferansta Mustafa U\u00e7ar, &#8220;Kurtulu\u015fa Giden Yolda Salihli, Milli M\u00fccadele ve Bat\u0131 Cephesi&#8221; ba\u015fl\u0131kl\u0131 sunumuyla il\u00e7enin Milli M\u00fccadele d\u00f6nemindeki stratejik konumunu ve halk\u0131n direni\u015fini belgeler e\u015fli\u011finde aktard\u0131. Program sonunda \u015eube Ba\u015fkan\u0131 Adnan Aras, katk\u0131lar\u0131ndan dolay\u0131 U\u00e7ar\u2019a te\u015fekk\u00fcr etti. Aras, sohbetlerin devam edece\u011fini belirtti.<br \/><\/p>\n","protected":false},"excerpt":{"rendered":"<p>Yazar Mustafa U\u00e7ar oldu. T\u00fcrk Ocaklar\u0131 Salihli \u015eubesi\u2019nde ger\u00e7ekle\u015fen konferansta Mustafa U\u00e7ar, &#8220;Kurtulu\u015fa Giden Yolda Salihli, Milli M\u00fccadele ve Bat\u0131 Cephesi&#8221; ba\u015fl\u0131kl\u0131 sunumuyla il\u00e7enin Milli M\u00fccadele d\u00f6nemindeki stratejik konumunu ve halk\u0131n direni\u015fini belgeler e\u015fli\u011finde aktard\u0131. Program sonunda \u015eube Ba\u015fkan\u0131 Adnan Aras, katk\u0131lar\u0131ndan dolay\u0131 U\u00e7ar\u2019a te\u015fekk\u00fcr etti. Aras, sohbetlerin devam edece\u011fini belirtti.<\/p>\n","protected":false},"author":1,"featured_media":60780,"comment_status":"open","ping_status":"open","sticky":false,"template":"","format":"standard","meta":{"_crdt_document":"","footnotes":""},"categories":[1],"tags":[],"class_list":["post-60779","post","type-post","status-publish","format-standard","has-post-thumbnail","hentry","category-guncel"],"_links":{"self":[{"href":"https:\/\/www.egemtv.com\/index.php?rest_route=\/wp\/v2\/posts\/60779","targetHints":{"allow":["GET"]}}],"collection":[{"href":"https:\/\/www.egemtv.com\/index.php?rest_route=\/wp\/v2\/posts"}],"about":[{"href":"https:\/\/www.egemtv.com\/index.php?rest_route=\/wp\/v2\/types\/post"}],"author":[{"embeddable":true,"href":"https:\/\/www.egemtv.com\/index.php?rest_route=\/wp\/v2\/users\/1"}],"replies":[{"embeddable":true,"href":"https:\/\/www.egemtv.com\/index.php?rest_route=%2Fwp%2Fv2%2Fcomments&post=60779"}],"version-history":[{"count":1,"href":"https:\/\/www.egemtv.com\/index.php?rest_route=\/wp\/v2\/posts\/60779\/revisions"}],"predecessor-version":[{"id":60781,"href":"https:\/\/www.egemtv.com\/index.php?rest_route=\/wp\/v2\/posts\/60779\/revisions\/60781"}],"wp:featuredmedia":[{"embeddable":true,"href":"https:\/\/www.egemtv.com\/index.php?rest_route=\/wp\/v2\/media\/60780"}],"wp:attachment":[{"href":"https:\/\/www.egemtv.com\/index.php?rest_route=%2Fwp%2Fv2%2Fmedia&parent=60779"}],"wp:term":[{"taxonomy":"category","embeddable":true,"href":"https:\/\/www.egemtv.com\/index.php?rest_route=%2Fwp%2Fv2%2Fcategories&post=60779"},{"taxonomy":"post_tag","embeddable":true,"href":"https:\/\/www.egemtv.com\/index.php?rest_route=%2Fwp%2Fv2%2Ftags&post=60779"}],"curies":[{"name":"wp","href":"https:\/\/api.w.org\/{rel}","templated":true}]}}