{"id":60776,"date":"2025-10-11T13:34:43","date_gmt":"2025-10-11T10:34:43","guid":{"rendered":"https:\/\/www.egemtv.com\/?p=60776"},"modified":"2025-10-11T13:34:44","modified_gmt":"2025-10-11T10:34:44","slug":"sarigollu-ogrencilerden-gazzedeki-cocuklara-destek","status":"publish","type":"post","link":"https:\/\/www.egemtv.com\/?p=60776","title":{"rendered":"Sar\u0131g\u00f6ll\u00fc \u00f6\u011frencilerden Gazze\u2019deki \u00e7ocuklara destek"},"content":{"rendered":"<p>MAN\u0130SA (\u0130HA) \u2013 Manisa\u2019n\u0131n Sar\u0131g\u00f6l il\u00e7esinde \u015eehit Esin Akay Ortaokulu 5. s\u0131n\u0131f \u00f6\u011frencileri, Gazze\u2019deki \u00e7ocuklara destek olmak amac\u0131yla okul bah\u00e7esinde g\u0131da stand\u0131 kurdu. Etkinlikten elde edilen gelir Gazze\u2019deki \u00e7ocuklara ula\u015ft\u0131r\u0131lacak.<br \/>\n<br \/>Okulun Sosyal Bilgiler \u00d6\u011fretmeni Fatma Semerci, \u00f6\u011frencilerin sosyal bilgiler dersi kapsam\u0131nda fark\u0131ndal\u0131k kazanmas\u0131 amac\u0131yla b\u00f6yle bir etkinlik ger\u00e7ekle\u015ftirdiklerini belirterek, &#8220;Gazze\u2019deki \u00e7ocuklara yard\u0131m eli uzatmak istedik. \u00d6\u011frencilerimiz, velilerimiz ve \u00f6\u011fretmen arkada\u015flar\u0131m\u0131zla birlikte bu dayan\u0131\u015fmaya katk\u0131 sunduk&#8221; dedi.<br \/>\n<br \/>\u00d6\u011frenciler taraf\u0131ndan k\u0131sa s\u00fcrede haz\u0131rlanan stant, yine \u00f6\u011frenciler taraf\u0131ndan yo\u011fun ilgi g\u00f6rd\u00fc. Etkinli\u011fe destek veren okul m\u00fcd\u00fcr\u00fc Kaz\u0131m Ceyhan, duyarl\u0131 davran\u0131\u015flar\u0131ndan dolay\u0131 \u00f6\u011fretmen ve \u00f6\u011frencilere te\u015fekk\u00fcr ederek, &#8220;Bu anlaml\u0131 etkinlikle \u00f6\u011frencilerimizle gurur duydum. Destek veren t\u00fcm velilerimize de ayr\u0131ca te\u015fekk\u00fcr ediyorum&#8221; ifadelerini kulland\u0131.<br \/><\/p>\n","protected":false},"excerpt":{"rendered":"<p>MAN\u0130SA (\u0130HA) \u2013 Manisa\u2019n\u0131n Sar\u0131g\u00f6l il\u00e7esinde \u015eehit Esin Akay Ortaokulu 5. s\u0131n\u0131f \u00f6\u011frencileri, Gazze\u2019deki \u00e7ocuklara destek olmak amac\u0131yla okul bah\u00e7esinde g\u0131da stand\u0131 kurdu. Etkinlikten elde edilen gelir Gazze\u2019deki \u00e7ocuklara ula\u015ft\u0131r\u0131lacak. Okulun Sosyal Bilgiler \u00d6\u011fretmeni Fatma Semerci, \u00f6\u011frencilerin sosyal bilgiler dersi kapsam\u0131nda fark\u0131ndal\u0131k kazanmas\u0131 amac\u0131yla b\u00f6yle bir etkinlik ger\u00e7ekle\u015ftirdiklerini belirterek, &#8220;Gazze\u2019deki \u00e7ocuklara yard\u0131m eli uzatmak istedik&#8230;.<\/p>\n","protected":false},"author":1,"featured_media":60777,"comment_status":"open","ping_status":"open","sticky":false,"template":"","format":"standard","meta":{"_crdt_document":"","footnotes":""},"categories":[123],"tags":[],"class_list":["post-60776","post","type-post","status-publish","format-standard","has-post-thumbnail","hentry","category-gundem"],"_links":{"self":[{"href":"https:\/\/www.egemtv.com\/index.php?rest_route=\/wp\/v2\/posts\/60776","targetHints":{"allow":["GET"]}}],"collection":[{"href":"https:\/\/www.egemtv.com\/index.php?rest_route=\/wp\/v2\/posts"}],"about":[{"href":"https:\/\/www.egemtv.com\/index.php?rest_route=\/wp\/v2\/types\/post"}],"author":[{"embeddable":true,"href":"https:\/\/www.egemtv.com\/index.php?rest_route=\/wp\/v2\/users\/1"}],"replies":[{"embeddable":true,"href":"https:\/\/www.egemtv.com\/index.php?rest_route=%2Fwp%2Fv2%2Fcomments&post=60776"}],"version-history":[{"count":1,"href":"https:\/\/www.egemtv.com\/index.php?rest_route=\/wp\/v2\/posts\/60776\/revisions"}],"predecessor-version":[{"id":60778,"href":"https:\/\/www.egemtv.com\/index.php?rest_route=\/wp\/v2\/posts\/60776\/revisions\/60778"}],"wp:featuredmedia":[{"embeddable":true,"href":"https:\/\/www.egemtv.com\/index.php?rest_route=\/wp\/v2\/media\/60777"}],"wp:attachment":[{"href":"https:\/\/www.egemtv.com\/index.php?rest_route=%2Fwp%2Fv2%2Fmedia&parent=60776"}],"wp:term":[{"taxonomy":"category","embeddable":true,"href":"https:\/\/www.egemtv.com\/index.php?rest_route=%2Fwp%2Fv2%2Fcategories&post=60776"},{"taxonomy":"post_tag","embeddable":true,"href":"https:\/\/www.egemtv.com\/index.php?rest_route=%2Fwp%2Fv2%2Ftags&post=60776"}],"curies":[{"name":"wp","href":"https:\/\/api.w.org\/{rel}","templated":true}]}}