{"id":60773,"date":"2025-10-11T13:34:42","date_gmt":"2025-10-11T10:34:42","guid":{"rendered":"https:\/\/www.egemtv.com\/?p=60773"},"modified":"2025-10-11T13:34:43","modified_gmt":"2025-10-11T10:34:43","slug":"koskte-cevre-duyarliligina-dikkat-cekildi","status":"publish","type":"post","link":"https:\/\/www.egemtv.com\/?p=60773","title":{"rendered":"K\u00f6\u015fk\u2019te \u2019\u00e7evre duyarl\u0131l\u0131\u011f\u0131\u2019na dikkat \u00e7ekildi"},"content":{"rendered":"<p>K\u00f6\u015fk il\u00e7esinde y\u00fcr\u00fct\u00fclen &#8220;\u00c7evreme Duyarl\u0131y\u0131m De\u011ferlerime Sahip \u00c7\u0131k\u0131yorum (\u00c7EDES) Projesi&#8221; bilgilendirme toplant\u0131s\u0131 K\u00f6\u015fk Adnan Menderes \u0130lkokulu konferans salonunda ger\u00e7ekle\u015ftirildi.<br \/>\n<br \/>\u00c7EDES Projesi ile \u00f6\u011frenciler, okul d\u0131\u015f\u0131nda sosyal, sportif ve k\u00fclt\u00fcrel etkinliklerle buru\u015fturularak hem ki\u015fisel fark\u0131ndal\u0131klar\u0131n\u0131 hem de toplumsal de\u011ferleri \u00f6\u011freniyor. K\u00f6\u015fk \u0130l\u00e7e Milli E\u011fitim M\u00fcd\u00fcr\u00fc Selim Karata\u015f\u2019\u0131n a\u00e7\u0131l\u0131\u015f konu\u015fmas\u0131yla ba\u015flayan toplant\u0131ya, Ayd\u0131n \u0130l Milli E\u011fitim M\u00fcd\u00fcrl\u00fc\u011f\u00fc \u00c7EDES \u0130l Koordinat\u00f6r\u00fc Ahmet Bak\u0131rc\u0131, \u00c7EDES \u00fcyesi Ramazan Atar, K\u00f6\u015fk M\u00fcft\u00fcs\u00fc Nuri \u0130lkatm\u0131\u015f, \u00c7EDES K\u00f6\u015fk temsilcisi, il\u00e7e okul m\u00fcd\u00fcrleri ve rehber \u00f6\u011fretmenleri kat\u0131ld\u0131. Toplant\u0131da konu\u015fan \u0130l\u00e7e Milli E\u011fitim M\u00fcd\u00fcr\u00fc Karata\u015f; &#8220;\u00d6\u011frencilerin akademik ba\u015far\u0131lar\u0131n\u0131 artt\u0131rmak i\u00e7in hep beraber emek verdik. Ayn\u0131 zamanda akademik ba\u015far\u0131lar\u0131n\u0131n yan\u0131nda \u00f6\u011frencilerimizin milli, manevi, ahlaki de\u011ferlerle donat\u0131lmas\u0131 gerekiyor. \u00c7EDES projesi de \u00e7ocuklar\u0131m\u0131z\u0131n milli, manevi, ahlaki olarak b\u00fct\u00fcnle\u015fmesini sa\u011flamada \u00f6nemli bir proje. Bu bir yol haritas\u0131, ya\u015fam felsefesi oldu\u011fu i\u00e7in \u00e7ok \u00f6nemli. Gelecek nesilleri in\u015fa etme konusunda projeyi okul m\u00fcd\u00fcrlerimizin, \u00f6\u011fretmenlerimizin sahiplenmesi de \u00e7ok \u00f6nemli. \u00c7EDES projesinin \u00e7ocuklar\u0131m\u0131z\u0131n kalbine ve zihnine dokundu\u011fundan dolay\u0131 yerine oturmu\u015f bir proje ve \u00f6\u011frencilerimize katk\u0131 sa\u011flayacak&#8221; diyerek kat\u0131l\u0131mc\u0131lara te\u015fekk\u00fcr etti.<br \/>\n<br \/>Ayd\u0131n \u0130l Milli E\u011fitim M\u00fcd\u00fcrl\u00fc\u011f\u00fc \u00c7EDES \u0130l Koordinat\u00f6r\u00fc Ahmet Bak\u0131rc\u0131 da, \u00c7EDES Projesi\u2019nin ama\u00e7lar\u0131, uygulanmas\u0131 ve de\u011ferler e\u011fitimi \u00e7al\u0131\u015fmalar\u0131 hakk\u0131nda kapsaml\u0131 bir sunum ger\u00e7ekle\u015ftirdi. Milli E\u011fitim Bakanl\u0131\u011f\u0131, Diyanet \u0130\u015fleri Ba\u015fkanl\u0131\u011f\u0131 ve Gen\u00e7lik ve Spor Bakanl\u0131\u011f\u0131 i\u015fbirli\u011fi ile y\u00fcr\u00fct\u00fclen \u00c7EDES Projesi ile \u00f6\u011frencilerin milli, manevi ve ahlaki de\u011ferleri benimsemesi, \u00e7a\u011f\u0131n becerilerine sahip bireyler olarak yeti\u015fmesinin hedeflendi\u011fi vurguland\u0131.<br \/>\n<br \/>K\u00f6\u015fk M\u00fcft\u00fcs\u00fc Nuri \u0130lkatm\u0131\u015f ise projenin \u00f6nemini vurgulayarak her konuda m\u00fcft\u00fcl\u00fck olarak destek vermeye haz\u0131r olduklar\u0131n\u0131 s\u00f6yledi.<br \/>\n<br \/>Toplant\u0131da okullarda kurulacak De\u011ferler Kul\u00fcpleri, y\u00fcr\u00fct\u00fclecek etkinlikler ve projenin uygulama s\u00fcreciyle ilgili detayl\u0131 bilgilendirmeler yap\u0131ld\u0131. Bilgilendirme konu\u015fmalar\u0131 sonras\u0131 kat\u0131l\u0131mc\u0131lar, projenin il\u00e7ede uygulanmas\u0131na y\u00f6nelik g\u00f6r\u00fc\u015f ve \u00f6nerilerini payla\u015ft\u0131.<br \/><\/p>\n","protected":false},"excerpt":{"rendered":"<p>K\u00f6\u015fk il\u00e7esinde y\u00fcr\u00fct\u00fclen &#8220;\u00c7evreme Duyarl\u0131y\u0131m De\u011ferlerime Sahip \u00c7\u0131k\u0131yorum (\u00c7EDES) Projesi&#8221; bilgilendirme toplant\u0131s\u0131 K\u00f6\u015fk Adnan Menderes \u0130lkokulu konferans salonunda ger\u00e7ekle\u015ftirildi. \u00c7EDES Projesi ile \u00f6\u011frenciler, okul d\u0131\u015f\u0131nda sosyal, sportif ve k\u00fclt\u00fcrel etkinliklerle buru\u015fturularak hem ki\u015fisel fark\u0131ndal\u0131klar\u0131n\u0131 hem de toplumsal de\u011ferleri \u00f6\u011freniyor. K\u00f6\u015fk \u0130l\u00e7e Milli E\u011fitim M\u00fcd\u00fcr\u00fc Selim Karata\u015f\u2019\u0131n a\u00e7\u0131l\u0131\u015f konu\u015fmas\u0131yla ba\u015flayan toplant\u0131ya, Ayd\u0131n \u0130l Milli E\u011fitim M\u00fcd\u00fcrl\u00fc\u011f\u00fc&#8230;<\/p>\n","protected":false},"author":1,"featured_media":60774,"comment_status":"open","ping_status":"open","sticky":false,"template":"","format":"standard","meta":{"_crdt_document":"","footnotes":""},"categories":[1],"tags":[],"class_list":["post-60773","post","type-post","status-publish","format-standard","has-post-thumbnail","hentry","category-guncel"],"_links":{"self":[{"href":"https:\/\/www.egemtv.com\/index.php?rest_route=\/wp\/v2\/posts\/60773","targetHints":{"allow":["GET"]}}],"collection":[{"href":"https:\/\/www.egemtv.com\/index.php?rest_route=\/wp\/v2\/posts"}],"about":[{"href":"https:\/\/www.egemtv.com\/index.php?rest_route=\/wp\/v2\/types\/post"}],"author":[{"embeddable":true,"href":"https:\/\/www.egemtv.com\/index.php?rest_route=\/wp\/v2\/users\/1"}],"replies":[{"embeddable":true,"href":"https:\/\/www.egemtv.com\/index.php?rest_route=%2Fwp%2Fv2%2Fcomments&post=60773"}],"version-history":[{"count":1,"href":"https:\/\/www.egemtv.com\/index.php?rest_route=\/wp\/v2\/posts\/60773\/revisions"}],"predecessor-version":[{"id":60775,"href":"https:\/\/www.egemtv.com\/index.php?rest_route=\/wp\/v2\/posts\/60773\/revisions\/60775"}],"wp:featuredmedia":[{"embeddable":true,"href":"https:\/\/www.egemtv.com\/index.php?rest_route=\/wp\/v2\/media\/60774"}],"wp:attachment":[{"href":"https:\/\/www.egemtv.com\/index.php?rest_route=%2Fwp%2Fv2%2Fmedia&parent=60773"}],"wp:term":[{"taxonomy":"category","embeddable":true,"href":"https:\/\/www.egemtv.com\/index.php?rest_route=%2Fwp%2Fv2%2Fcategories&post=60773"},{"taxonomy":"post_tag","embeddable":true,"href":"https:\/\/www.egemtv.com\/index.php?rest_route=%2Fwp%2Fv2%2Ftags&post=60773"}],"curies":[{"name":"wp","href":"https:\/\/api.w.org\/{rel}","templated":true}]}}