{"id":60770,"date":"2025-10-11T13:14:43","date_gmt":"2025-10-11T10:14:43","guid":{"rendered":"https:\/\/www.egemtv.com\/?p=60770"},"modified":"2025-10-11T13:14:44","modified_gmt":"2025-10-11T10:14:44","slug":"aydinli-is-adamlari-yeni-hizmet-binasina-kavustu","status":"publish","type":"post","link":"https:\/\/www.egemtv.com\/?p=60770","title":{"rendered":"Ayd\u0131nl\u0131 i\u015f adamlar\u0131 yeni hizmet binas\u0131na kavu\u015ftu"},"content":{"rendered":"<p>Ayd\u0131n Y\u00f6netici Sanayici ve \u0130\u015f Adamlar\u0131 Derne\u011fi (AYS\u0130AD) d\u00fczenlenen t\u00f6renle yeni hizmet binas\u0131n\u0131n a\u00e7\u0131l\u0131\u015f\u0131n\u0131 ger\u00e7ekle\u015ftirirken Ba\u015fkan F\u0131rat Bar\u0131\u015f\u0131k; &#8220;Yeni binam\u0131zla daha verimli \u00e7al\u0131\u015faca\u011f\u0131z&#8221; dedi.<br \/>\n<br \/>Ayd\u0131n Y\u00f6netici Sanayici ve \u0130\u015f Adamlar\u0131 Derne\u011fi (AYS\u0130AD) 10. kurulu\u015f y\u0131ld\u00f6n\u00fcm\u00fcnde d\u00fczenledi\u011fi t\u00f6renle yeni hizmet binas\u0131n\u0131n a\u00e7\u0131l\u0131\u015f\u0131n\u0131 ger\u00e7ekle\u015ftirdi. Ata Mahallesi Toptan G\u0131da \u00c7ar\u015f\u0131s\u0131\u2019ndaki yeni hizmet binas\u0131n\u0131n kap\u0131lar\u0131n\u0131 a\u00e7an AYS\u0130AD, \u00fcyelerine daha modern ve ferah bir ortam sunuyor. Ayd\u0131n Valisi Yakup Canbolat\u2019\u0131n da kat\u0131l\u0131m\u0131yla ger\u00e7ekle\u015ftirilen a\u00e7\u0131l\u0131\u015f t\u00f6reninde konu\u015fan AYS\u0130AD Ba\u015fkan\u0131 F\u0131rat Bar\u0131\u015f\u0131k, derne\u011fin b\u00fcy\u00fcyen \u00fcye yap\u0131s\u0131na dikkat \u00e7ekerek, &#8220;AYS\u0130AD oalrak 10\u2019uncu y\u0131l\u0131m\u0131zda, \u00fcye say\u0131m\u0131z\u0131n artmas\u0131yla birlikte yurti\u00e7i ve yurtd\u0131\u015f\u0131ndan gelen heyetlerimizi daha iyi a\u011f\u0131rlayabilmek ad\u0131na yeni bir hizmet binas\u0131na ihtiya\u00e7 duyduk. Konumu itibar\u0131yla Efeler\u2019de, AST\u0130S ve G\u0131da \u00c7ar\u015f\u0131s\u0131\u2019n\u0131n ortak noktas\u0131nda, otopark sorunu olmayan ve geni\u015f toplant\u0131 salonuna sahip bu yeni binam\u0131zla daha verimli \u00e7al\u0131\u015faca\u011f\u0131z. \u00dcyelerimizi ve misafirlerimizi daha iyi a\u011f\u0131rlayabilmek i\u00e7in b\u00f6yle bir ad\u0131m att\u0131k. Bu mutlu g\u00fcn\u00fcm\u00fczde bizi yaln\u0131z b\u0131rakmayan herkese te\u015fekk\u00fcr ediyorum. Birlik i\u00e7inde g\u00fc\u00e7l\u00fc yar\u0131nlara diyorum&#8221; dedi.<br \/>\n<br \/>Konu\u015fmalar\u0131n ard\u0131ndan yeni hizmet binas\u0131n\u0131n a\u00e7\u0131l\u0131\u015f kurdelesi dualar e\u015fli\u011finde kesilirken, Vali Canbolat ve protokol \u00fcyeleri yeni hizmet binas\u0131n\u0131 gezdi. Ayd\u0131nl\u0131 i\u015f insanlar\u0131n\u0131n bir araya geldi t\u00f6rende yeni hizmet binas\u0131n\u0131n hay\u0131rl\u0131 olmas\u0131 temennisinde bulunan Vali Canbolat ise &#8220;Yeni hizmet binas\u0131n\u0131n \u015fehrimize ve i\u015f d\u00fcnyam\u0131za hay\u0131rl\u0131 olmas\u0131n\u0131 dileriz&#8221; dedi.<br \/><\/p>\n","protected":false},"excerpt":{"rendered":"<p>Ayd\u0131n Y\u00f6netici Sanayici ve \u0130\u015f Adamlar\u0131 Derne\u011fi (AYS\u0130AD) d\u00fczenlenen t\u00f6renle yeni hizmet binas\u0131n\u0131n a\u00e7\u0131l\u0131\u015f\u0131n\u0131 ger\u00e7ekle\u015ftirirken Ba\u015fkan F\u0131rat Bar\u0131\u015f\u0131k; &#8220;Yeni binam\u0131zla daha verimli \u00e7al\u0131\u015faca\u011f\u0131z&#8221; dedi. Ayd\u0131n Y\u00f6netici Sanayici ve \u0130\u015f Adamlar\u0131 Derne\u011fi (AYS\u0130AD) 10. kurulu\u015f y\u0131ld\u00f6n\u00fcm\u00fcnde d\u00fczenledi\u011fi t\u00f6renle yeni hizmet binas\u0131n\u0131n a\u00e7\u0131l\u0131\u015f\u0131n\u0131 ger\u00e7ekle\u015ftirdi. Ata Mahallesi Toptan G\u0131da \u00c7ar\u015f\u0131s\u0131\u2019ndaki yeni hizmet binas\u0131n\u0131n kap\u0131lar\u0131n\u0131 a\u00e7an AYS\u0130AD, \u00fcyelerine daha&#8230;<\/p>\n","protected":false},"author":1,"featured_media":60771,"comment_status":"open","ping_status":"open","sticky":false,"template":"","format":"standard","meta":{"_crdt_document":"","footnotes":""},"categories":[1],"tags":[],"class_list":["post-60770","post","type-post","status-publish","format-standard","has-post-thumbnail","hentry","category-guncel"],"_links":{"self":[{"href":"https:\/\/www.egemtv.com\/index.php?rest_route=\/wp\/v2\/posts\/60770","targetHints":{"allow":["GET"]}}],"collection":[{"href":"https:\/\/www.egemtv.com\/index.php?rest_route=\/wp\/v2\/posts"}],"about":[{"href":"https:\/\/www.egemtv.com\/index.php?rest_route=\/wp\/v2\/types\/post"}],"author":[{"embeddable":true,"href":"https:\/\/www.egemtv.com\/index.php?rest_route=\/wp\/v2\/users\/1"}],"replies":[{"embeddable":true,"href":"https:\/\/www.egemtv.com\/index.php?rest_route=%2Fwp%2Fv2%2Fcomments&post=60770"}],"version-history":[{"count":1,"href":"https:\/\/www.egemtv.com\/index.php?rest_route=\/wp\/v2\/posts\/60770\/revisions"}],"predecessor-version":[{"id":60772,"href":"https:\/\/www.egemtv.com\/index.php?rest_route=\/wp\/v2\/posts\/60770\/revisions\/60772"}],"wp:featuredmedia":[{"embeddable":true,"href":"https:\/\/www.egemtv.com\/index.php?rest_route=\/wp\/v2\/media\/60771"}],"wp:attachment":[{"href":"https:\/\/www.egemtv.com\/index.php?rest_route=%2Fwp%2Fv2%2Fmedia&parent=60770"}],"wp:term":[{"taxonomy":"category","embeddable":true,"href":"https:\/\/www.egemtv.com\/index.php?rest_route=%2Fwp%2Fv2%2Fcategories&post=60770"},{"taxonomy":"post_tag","embeddable":true,"href":"https:\/\/www.egemtv.com\/index.php?rest_route=%2Fwp%2Fv2%2Ftags&post=60770"}],"curies":[{"name":"wp","href":"https:\/\/api.w.org\/{rel}","templated":true}]}}