{"id":60686,"date":"2025-10-11T09:14:47","date_gmt":"2025-10-11T06:14:47","guid":{"rendered":"https:\/\/www.egemtv.com\/?p=60686"},"modified":"2025-10-11T09:14:48","modified_gmt":"2025-10-11T06:14:48","slug":"aydinda-kirsal-kalkinmaya-3-milyon-tl-destek","status":"publish","type":"post","link":"https:\/\/www.egemtv.com\/?p=60686","title":{"rendered":"Ayd\u0131n\u2019da k\u0131rsal kalk\u0131nmaya 3 milyon TL destek"},"content":{"rendered":"<p>Ayd\u0131n \u0130l Tar\u0131m ve Orman M\u00fcd\u00fcrl\u00fc\u011f\u00fc, K\u0131rsal Kalk\u0131nma Yat\u0131r\u0131mlar\u0131 Destekleme Program\u0131 kapsam\u0131nda 2 projeye toplam 3 milyon 355 bin 500 TL destek \u00f6demesi yaparak \u00fcreticilerin hesaplar\u0131na aktard\u0131.<br \/>\n<br \/>Ayd\u0131n \u0130l Tar\u0131m ve Orman M\u00fcd\u00fcrl\u00fc\u011f\u00fc, \u00fcreticilere y\u00f6nelik destek \u00f6demelerine devam ediyor. K\u0131rsal Kalk\u0131nma Yat\u0131r\u0131mlar\u0131 Destekleme Program\u0131 kapsam\u0131nda, il genelinde hayata ge\u00e7irilen 2 projeye toplam 3 milyon 355 bin 500 TL tutar\u0131nda hibe \u00f6demesi \u00fcreticilerin hesaplar\u0131na aktar\u0131l\u0131yor. \u0130l Tar\u0131m ve Orman M\u00fcd\u00fcr\u00fc Ayhan Temiz, yap\u0131lan desteklerin \u00fcreticilerin g\u00fc\u00e7lenmesine ve k\u0131rsal ekonominin s\u00fcrd\u00fcr\u00fclebilirli\u011fine katk\u0131 sundu\u011funu belirterek, &#8220;K\u0131rsalda \u00fcretim var, bereket var, T\u00fcrkiye\u2019nin gelece\u011fi var&#8221; ifadelerini kulland\u0131.<br \/><\/p>\n","protected":false},"excerpt":{"rendered":"<p>Ayd\u0131n \u0130l Tar\u0131m ve Orman M\u00fcd\u00fcrl\u00fc\u011f\u00fc, K\u0131rsal Kalk\u0131nma Yat\u0131r\u0131mlar\u0131 Destekleme Program\u0131 kapsam\u0131nda 2 projeye toplam 3 milyon 355 bin 500 TL destek \u00f6demesi yaparak \u00fcreticilerin hesaplar\u0131na aktard\u0131. Ayd\u0131n \u0130l Tar\u0131m ve Orman M\u00fcd\u00fcrl\u00fc\u011f\u00fc, \u00fcreticilere y\u00f6nelik destek \u00f6demelerine devam ediyor. K\u0131rsal Kalk\u0131nma Yat\u0131r\u0131mlar\u0131 Destekleme Program\u0131 kapsam\u0131nda, il genelinde hayata ge\u00e7irilen 2 projeye toplam 3 milyon 355&#8230;<\/p>\n","protected":false},"author":1,"featured_media":60687,"comment_status":"open","ping_status":"open","sticky":false,"template":"","format":"standard","meta":{"_crdt_document":"","footnotes":""},"categories":[125],"tags":[],"class_list":["post-60686","post","type-post","status-publish","format-standard","has-post-thumbnail","hentry","category-ekonomi"],"_links":{"self":[{"href":"https:\/\/www.egemtv.com\/index.php?rest_route=\/wp\/v2\/posts\/60686","targetHints":{"allow":["GET"]}}],"collection":[{"href":"https:\/\/www.egemtv.com\/index.php?rest_route=\/wp\/v2\/posts"}],"about":[{"href":"https:\/\/www.egemtv.com\/index.php?rest_route=\/wp\/v2\/types\/post"}],"author":[{"embeddable":true,"href":"https:\/\/www.egemtv.com\/index.php?rest_route=\/wp\/v2\/users\/1"}],"replies":[{"embeddable":true,"href":"https:\/\/www.egemtv.com\/index.php?rest_route=%2Fwp%2Fv2%2Fcomments&post=60686"}],"version-history":[{"count":1,"href":"https:\/\/www.egemtv.com\/index.php?rest_route=\/wp\/v2\/posts\/60686\/revisions"}],"predecessor-version":[{"id":60688,"href":"https:\/\/www.egemtv.com\/index.php?rest_route=\/wp\/v2\/posts\/60686\/revisions\/60688"}],"wp:featuredmedia":[{"embeddable":true,"href":"https:\/\/www.egemtv.com\/index.php?rest_route=\/wp\/v2\/media\/60687"}],"wp:attachment":[{"href":"https:\/\/www.egemtv.com\/index.php?rest_route=%2Fwp%2Fv2%2Fmedia&parent=60686"}],"wp:term":[{"taxonomy":"category","embeddable":true,"href":"https:\/\/www.egemtv.com\/index.php?rest_route=%2Fwp%2Fv2%2Fcategories&post=60686"},{"taxonomy":"post_tag","embeddable":true,"href":"https:\/\/www.egemtv.com\/index.php?rest_route=%2Fwp%2Fv2%2Ftags&post=60686"}],"curies":[{"name":"wp","href":"https:\/\/api.w.org\/{rel}","templated":true}]}}