{"id":60683,"date":"2025-10-11T09:14:46","date_gmt":"2025-10-11T06:14:46","guid":{"rendered":"https:\/\/www.egemtv.com\/?p=60683"},"modified":"2025-10-11T09:14:47","modified_gmt":"2025-10-11T06:14:47","slug":"vali-akbiyiktan-eski-tip-surucu-belgesi-uyarisi","status":"publish","type":"post","link":"https:\/\/www.egemtv.com\/?p=60683","title":{"rendered":"Vali Akb\u0131y\u0131k\u2019tan eski tip s\u00fcr\u00fcc\u00fc belgesi uyar\u0131s\u0131"},"content":{"rendered":"<p>Mu\u011fla \u0130l Koordinasyon Kurulu 2025 y\u0131l\u0131 d\u00f6rd\u00fcnc\u00fc d\u00f6nem toplant\u0131s\u0131 Mu\u011fla Valisi Dr. \u0130dris Akb\u0131y\u0131k Ba\u015fkanl\u0131\u011f\u0131nda \u0130l Afet ve Acil Durum M\u00fcd\u00fcrl\u00fc\u011f\u00fcnde yap\u0131ld\u0131. Toplant\u0131da, Mu\u011fla \u0130l Koordinasyon Kurulu 2025 y\u0131l\u0131 d\u00f6rd\u00fcnc\u00fc d\u00f6nem toplant\u0131s\u0131nda devam eden yat\u0131r\u0131mlar ile 2026 y\u0131l\u0131nda yap\u0131lmas\u0131 planlanan yat\u0131r\u0131m ve hizmetler ele al\u0131nd\u0131.<br \/>\n<br \/>Vali Akb\u0131y\u0131k\u2019tan eski tip s\u00fcr\u00fcc\u00fc belgesi hat\u0131rlatmas\u0131<br \/>\n<br \/>Vali Dr. \u0130dris Akb\u0131y\u0131k, toplant\u0131da yapt\u0131\u011f\u0131 konu\u015fmada; vatanda\u015flar\u0131n eski tip s\u00fcr\u00fcc\u00fc belgelerinin de\u011fi\u015ftirilmesi i\u00e7in say\u0131l\u0131 g\u00fcnler kald\u0131\u011f\u0131n\u0131 hat\u0131rlatarak, &#8220;Vatanda\u015flar\u0131m\u0131z\u0131n eski tip s\u00fcr\u00fcc\u00fc belgelerinin de\u011fi\u015fim tarihinin son g\u00fcn\u00fc 31 Ekim. S\u00fcrenin uzat\u0131lmayaca\u011f\u0131n\u0131 bir kez daha hat\u0131rlat\u0131yoruz. Bu tarihten sonra eski tip s\u00fcr\u00fcc\u00fc belgeleri kullan\u0131lamayacak. Bu s\u00fcre sonras\u0131nda eski tip s\u00fcr\u00fcc\u00fc belgesini yenilemek isteyen vatanda\u015flar\u0131m\u0131z, indirimli \u2018har\u00e7 de\u011ferli ka\u011f\u0131t\u2019 ve \u2018hizmet bedelinden\u2019 yararlanamayacakt\u0131r&#8221; dedi.<br \/>\n<br \/>Yat\u0131r\u0131mlar\u0131n fiziki ger\u00e7ekle\u015fme oran\u0131 y\u00fczde 50<br \/>\n<br \/>2025 y\u0131l\u0131n\u0131n ilk dokuz ay\u0131nda, kamu kurum ve kurulu\u015flar taraf\u0131ndan y\u00fcr\u00fct\u00fclen 306 proje oldu\u011funu s\u00f6yleyen Vali Akb\u0131y\u0131k, bu projelerin toplam bedelinin 53 milyar 240 Milyon 549 Bin lira oldu\u011funu a\u00e7\u0131klad\u0131. Projelerin \u00f6nceki y\u0131llar harcama toplam\u0131n\u0131n 14 Milyar 54 Milyon 190 Bin lira, bu y\u0131l \u00f6dene\u011finin ise 9 Milyar 484 Milyon 518 Bin lira oldu\u011funu belirten Vali Akb\u0131y\u0131k, &#8220;T\u00fcm kurumlar\u0131n d\u00f6nem sonu harcamas\u0131 6 milyar 65 Milyon 219 Bin lira olarak ger\u00e7ekle\u015firken, nakdi ger\u00e7ekle\u015fme oran\u0131 ise y\u00fczde 64, fiziki ger\u00e7ekle\u015fme oran\u0131 da y\u00fczde 50\u2019dir&#8221; dedi.<br \/>\n<br \/>En y\u00fcksek harcama e\u011fitime<br \/>\n<br \/>Mu\u011fla\u2019da toplam 306 Projenin 51\u2019inin tamamland\u0131\u011f\u0131n\u0131 belirten Mu\u011fla Valisi Akb\u0131y\u0131k, 148 projenin devam etti\u011fini, 3 projenin ihale a\u015famas\u0131nda oldu\u011funu, 104 projenin haz\u0131rl\u0131k a\u015famas\u0131nda oldu\u011funu kaydetti. Mu\u011fla\u2019daki yat\u0131r\u0131mlar\u0131n sekt\u00f6r olarak de\u011ferlendirildi\u011finde en y\u00fcksek harcaman\u0131n 46 proje ile e\u011fitim, 142 proje ile tar\u0131m, 14 proje ile ula\u015ft\u0131rma, 52 proje ile di\u011fer kamu hizmetleri, 5 proje ile turizm, 18 proje ile sa\u011fl\u0131k, 29 proje ile enerji sekt\u00f6r\u00fcnde yap\u0131ld\u0131\u011f\u0131n\u0131 s\u00f6yledi.<br \/>\n<br \/>Belediyeler taraf\u0131ndan y\u00fcr\u00fct\u00fclen projeler<br \/>\n<br \/>Belediyeler taraf\u0131ndan y\u00fcr\u00fct\u00fclen projelerin toplam bedelinin 12 Milyar 470 Milyon 446 Bin lira oldu\u011funu ifade eden Akb\u0131y\u0131k, &#8220;Bu projelerin \u00f6nceki y\u0131llar harcamas\u0131 659 Milyon 458 Bin lira, y\u0131l \u00f6dene\u011fi 7 Milyar 427 Milyon 686 Bin lira, d\u00f6nem sonu harcamas\u0131 ise 2 Milyar 963 Milyon 113 Bin lira oldu\u011funu, nakdi ger\u00e7ekle\u015fme oran\u0131n\u0131n ise y\u00fczde 40 oldu\u011funu a\u00e7\u0131klad\u0131.<br \/>\n<br \/>Toplant\u0131ya Valimiz Say\u0131n Dr. \u0130dris Akb\u0131y\u0131k\u2019\u0131n yan\u0131 s\u0131ra, Vali Yard\u0131mc\u0131s\u0131 \u0130smail Soykan, \u0130l\u00e7e Kaymakamlar\u0131, \u0130l\u00e7e Belediye Ba\u015fkanlar\u0131 ve ba\u015fkanvekilleri, b\u00f6lge m\u00fcd\u00fcrleri, kurum ve kurulu\u015flar\u0131n m\u00fcd\u00fcrleri kat\u0131ld\u0131.<br \/><\/p>\n","protected":false},"excerpt":{"rendered":"<p>Mu\u011fla \u0130l Koordinasyon Kurulu 2025 y\u0131l\u0131 d\u00f6rd\u00fcnc\u00fc d\u00f6nem toplant\u0131s\u0131 Mu\u011fla Valisi Dr. \u0130dris Akb\u0131y\u0131k Ba\u015fkanl\u0131\u011f\u0131nda \u0130l Afet ve Acil Durum M\u00fcd\u00fcrl\u00fc\u011f\u00fcnde yap\u0131ld\u0131. Toplant\u0131da, Mu\u011fla \u0130l Koordinasyon Kurulu 2025 y\u0131l\u0131 d\u00f6rd\u00fcnc\u00fc d\u00f6nem toplant\u0131s\u0131nda devam eden yat\u0131r\u0131mlar ile 2026 y\u0131l\u0131nda yap\u0131lmas\u0131 planlanan yat\u0131r\u0131m ve hizmetler ele al\u0131nd\u0131. Vali Akb\u0131y\u0131k\u2019tan eski tip s\u00fcr\u00fcc\u00fc belgesi hat\u0131rlatmas\u0131 Vali Dr. \u0130dris&#8230;<\/p>\n","protected":false},"author":1,"featured_media":60684,"comment_status":"open","ping_status":"open","sticky":false,"template":"","format":"standard","meta":{"_crdt_document":"","footnotes":""},"categories":[125],"tags":[],"class_list":["post-60683","post","type-post","status-publish","format-standard","has-post-thumbnail","hentry","category-ekonomi"],"_links":{"self":[{"href":"https:\/\/www.egemtv.com\/index.php?rest_route=\/wp\/v2\/posts\/60683","targetHints":{"allow":["GET"]}}],"collection":[{"href":"https:\/\/www.egemtv.com\/index.php?rest_route=\/wp\/v2\/posts"}],"about":[{"href":"https:\/\/www.egemtv.com\/index.php?rest_route=\/wp\/v2\/types\/post"}],"author":[{"embeddable":true,"href":"https:\/\/www.egemtv.com\/index.php?rest_route=\/wp\/v2\/users\/1"}],"replies":[{"embeddable":true,"href":"https:\/\/www.egemtv.com\/index.php?rest_route=%2Fwp%2Fv2%2Fcomments&post=60683"}],"version-history":[{"count":1,"href":"https:\/\/www.egemtv.com\/index.php?rest_route=\/wp\/v2\/posts\/60683\/revisions"}],"predecessor-version":[{"id":60685,"href":"https:\/\/www.egemtv.com\/index.php?rest_route=\/wp\/v2\/posts\/60683\/revisions\/60685"}],"wp:featuredmedia":[{"embeddable":true,"href":"https:\/\/www.egemtv.com\/index.php?rest_route=\/wp\/v2\/media\/60684"}],"wp:attachment":[{"href":"https:\/\/www.egemtv.com\/index.php?rest_route=%2Fwp%2Fv2%2Fmedia&parent=60683"}],"wp:term":[{"taxonomy":"category","embeddable":true,"href":"https:\/\/www.egemtv.com\/index.php?rest_route=%2Fwp%2Fv2%2Fcategories&post=60683"},{"taxonomy":"post_tag","embeddable":true,"href":"https:\/\/www.egemtv.com\/index.php?rest_route=%2Fwp%2Fv2%2Ftags&post=60683"}],"curies":[{"name":"wp","href":"https:\/\/api.w.org\/{rel}","templated":true}]}}