{"id":60680,"date":"2025-10-11T08:54:34","date_gmt":"2025-10-11T05:54:34","guid":{"rendered":"https:\/\/www.egemtv.com\/?p=60680"},"modified":"2025-10-11T08:54:35","modified_gmt":"2025-10-11T05:54:35","slug":"denizlide-642-litre-kacak-alkol-yakalandi","status":"publish","type":"post","link":"https:\/\/www.egemtv.com\/?p=60680","title":{"rendered":"Denizli\u2019de 642 litre ka\u00e7ak alkol  yakaland\u0131"},"content":{"rendered":"<p>Denizli\u2019de Ka\u00e7ak\u00e7\u0131l\u0131kla ve Organize Su\u00e7larla M\u00fccadele ekiplerinin titiz \u00e7al\u0131\u015fmas\u0131 sonucu iki adrese yap\u0131lan bask\u0131nda 642,5 litre etil alkol, 24 \u015fi\u015fe ka\u00e7ak i\u00e7ki ve 7 aroma ele ge\u00e7irildi. Olayla ba\u011flant\u0131l\u0131 2 \u015f\u00fcpheli hakk\u0131nda  Ka\u00e7ak\u00e7\u0131l\u0131kla M\u00fccadele Kanunu kapsam\u0131nda adli i\u015flem ba\u015flat\u0131ld\u0131.<\/p>\n<p>Denizli \u0130l Emniyet M\u00fcd\u00fcrl\u00fc\u011f\u00fc Ka\u00e7ak\u00e7\u0131l\u0131k ve Organize Su\u00e7larla M\u00fccadele \u015eube M\u00fcd\u00fcrl\u00fc\u011f\u00fc ekipleri, ka\u00e7ak alkol \u00fcretimi ve sat\u0131\u015f\u0131na y\u00f6nelik y\u00fcr\u00fct\u00fclen analiz \u00e7al\u0131\u015fmalar\u0131 sonucunda iki farkl\u0131 adrese e\u015f zamanl\u0131 operasyon d\u00fczenledi. Adreslerde ger\u00e7ekle\u015ftirilen aramalarda 642,5 litre etil alkol, 24 \u015fi\u015fe farkl\u0131 t\u00fcrlerde ka\u00e7ak alkoll\u00fc i\u00e7ki, 7 adet alkol yap\u0131m\u0131nda kullan\u0131lan aroma ele ge\u00e7irildi. Ka\u00e7ak alkol \u00fcretimi ve sat\u0131\u015f\u0131 yapt\u0131\u011f\u0131 belirlenen 2 \u015f\u00fcpheli, ekiplerce g\u00f6zalt\u0131na al\u0131nd\u0131. \u015e\u00fcpheliler hakk\u0131nda 5607 Say\u0131l\u0131 Ka\u00e7ak\u00e7\u0131l\u0131kla M\u00fccadele Kanunu kapsam\u0131nda adli i\u015flem ba\u015flat\u0131ld\u0131\u011f\u0131 bildirildi.<br \/><\/p>\n","protected":false},"excerpt":{"rendered":"<p>Denizli\u2019de Ka\u00e7ak\u00e7\u0131l\u0131kla ve Organize Su\u00e7larla M\u00fccadele ekiplerinin titiz \u00e7al\u0131\u015fmas\u0131 sonucu iki adrese yap\u0131lan bask\u0131nda 642,5 litre etil alkol, 24 \u015fi\u015fe ka\u00e7ak i\u00e7ki ve 7 aroma ele ge\u00e7irildi. Olayla ba\u011flant\u0131l\u0131 2 \u015f\u00fcpheli hakk\u0131nda Ka\u00e7ak\u00e7\u0131l\u0131kla M\u00fccadele Kanunu kapsam\u0131nda adli i\u015flem ba\u015flat\u0131ld\u0131. Denizli \u0130l Emniyet M\u00fcd\u00fcrl\u00fc\u011f\u00fc Ka\u00e7ak\u00e7\u0131l\u0131k ve Organize Su\u00e7larla M\u00fccadele \u015eube M\u00fcd\u00fcrl\u00fc\u011f\u00fc ekipleri, ka\u00e7ak alkol \u00fcretimi ve&#8230;<\/p>\n","protected":false},"author":1,"featured_media":60681,"comment_status":"open","ping_status":"open","sticky":false,"template":"","format":"standard","meta":{"_crdt_document":"","footnotes":""},"categories":[5],"tags":[],"class_list":["post-60680","post","type-post","status-publish","format-standard","has-post-thumbnail","hentry","category-asayis"],"_links":{"self":[{"href":"https:\/\/www.egemtv.com\/index.php?rest_route=\/wp\/v2\/posts\/60680","targetHints":{"allow":["GET"]}}],"collection":[{"href":"https:\/\/www.egemtv.com\/index.php?rest_route=\/wp\/v2\/posts"}],"about":[{"href":"https:\/\/www.egemtv.com\/index.php?rest_route=\/wp\/v2\/types\/post"}],"author":[{"embeddable":true,"href":"https:\/\/www.egemtv.com\/index.php?rest_route=\/wp\/v2\/users\/1"}],"replies":[{"embeddable":true,"href":"https:\/\/www.egemtv.com\/index.php?rest_route=%2Fwp%2Fv2%2Fcomments&post=60680"}],"version-history":[{"count":1,"href":"https:\/\/www.egemtv.com\/index.php?rest_route=\/wp\/v2\/posts\/60680\/revisions"}],"predecessor-version":[{"id":60682,"href":"https:\/\/www.egemtv.com\/index.php?rest_route=\/wp\/v2\/posts\/60680\/revisions\/60682"}],"wp:featuredmedia":[{"embeddable":true,"href":"https:\/\/www.egemtv.com\/index.php?rest_route=\/wp\/v2\/media\/60681"}],"wp:attachment":[{"href":"https:\/\/www.egemtv.com\/index.php?rest_route=%2Fwp%2Fv2%2Fmedia&parent=60680"}],"wp:term":[{"taxonomy":"category","embeddable":true,"href":"https:\/\/www.egemtv.com\/index.php?rest_route=%2Fwp%2Fv2%2Fcategories&post=60680"},{"taxonomy":"post_tag","embeddable":true,"href":"https:\/\/www.egemtv.com\/index.php?rest_route=%2Fwp%2Fv2%2Ftags&post=60680"}],"curies":[{"name":"wp","href":"https:\/\/api.w.org\/{rel}","templated":true}]}}