{"id":60647,"date":"2025-10-10T17:58:18","date_gmt":"2025-10-10T14:58:18","guid":{"rendered":"https:\/\/www.egemtv.com\/?p=60647"},"modified":"2025-10-10T17:58:19","modified_gmt":"2025-10-10T14:58:19","slug":"denizlide-aranan-6-supheli-yakalandi","status":"publish","type":"post","link":"https:\/\/www.egemtv.com\/?p=60647","title":{"rendered":"Denizli\u2019de aranan 6 \u015f\u00fcpheli yakaland\u0131"},"content":{"rendered":"<p>Denizli \u0130l Emniyet M\u00fcd\u00fcrl\u00fc\u011f\u00fc ekipleri taraf\u0131ndan ger\u00e7ekle\u015ftirilen operasyonlarda, haklar\u0131nda 10 y\u0131l ve \u00fczeri kesinle\u015fmi\u015f hapis cezas\u0131 bulunan 6 \u015fah\u0131s yakalanarak cezaevine teslim edildi.<\/p>\n<p>Denizli \u0130l Emniyet M\u00fcd\u00fcrl\u00fc\u011f\u00fc ekiplerince 1 Ekim \u2013 9 Ekim 2025 tarihleri aras\u0131nda aranan \u015fah\u0131slar\u0131n yakalanmas\u0131na y\u00f6nelik yap\u0131lan \u00e7al\u0131\u015fmalar kapsam\u0131nda  hakk\u0131nda 10 y\u0131l ve \u00fczeri kesinle\u015fmi\u015f hapis cezas\u0131 bulunan 6 ki\u015fi yakalanarak cezaevine g\u00f6nderildi.Asayi\u015f \u015eube M\u00fcd\u00fcrl\u00fc\u011f\u00fc Aranan \u015eah\u0131slar B\u00fcro Amirli\u011fi ekipleri, bili\u015fim sistemleri doland\u0131r\u0131c\u0131l\u0131\u011f\u0131, nitelikli doland\u0131r\u0131c\u0131l\u0131k, kasten \u00f6ld\u00fcrme ve kasten yaralama ile uyu\u015fturucu madde ticareti yapmak su\u00e7lar\u0131ndan toplam 3 \u015fahs\u0131 yakalad\u0131. Bu ki\u015filerden birinin 39 y\u0131l, bir di\u011ferinin 11 y\u0131l 6 ay 25 g\u00fcn, bir di\u011ferinin ise 10 y\u0131l 1 ay kesinle\u015fmi\u015f hapis cezas\u0131 bulundu\u011fu bildirildi. Ter\u00f6rle M\u00fccadele \u015eube M\u00fcd\u00fcrl\u00fc\u011f\u00fc ekipleri ise bili\u015fim sistemleri banka veya kredi kurumlar\u0131n\u0131n ara\u00e7 olarak kullan\u0131lmas\u0131 suretiyle doland\u0131r\u0131c\u0131l\u0131k su\u00e7undan 17 y\u0131l 5 ay 15 g\u00fcn hapis cezas\u0131 bulunan 1 \u015fahs\u0131 yakalad\u0131. Siber Su\u00e7larla M\u00fccadele \u015eube M\u00fcd\u00fcrl\u00fc\u011f\u00fc ekipleri de ayn\u0131 su\u00e7tan 16 y\u0131l 8 ay kesinle\u015fmi\u015f hapis cezas\u0131 bulunan 1 ki\u015fiyi yakalayarak adalete teslim etti. G\u00f6\u00e7men Ka\u00e7ak\u00e7\u0131l\u0131\u011f\u0131yla M\u00fccadele ve Hudut Kap\u0131lar\u0131 \u015eube M\u00fcd\u00fcrl\u00fc\u011f\u00fc ekipleri ise insan ticareti su\u00e7undan 10 y\u0131l hapis cezas\u0131 kesinle\u015fmi\u015f 1 ki\u015fiyi yakalad\u0131.<\/p>\n<p>Toplamda 6 \u015fahs\u0131n yakaland\u0131\u011f\u0131 operasyonlar\u0131n ard\u0131ndan, Denizli Emniyet M\u00fcd\u00fcrl\u00fc\u011f\u00fc\u2019nden yap\u0131lan a\u00e7\u0131klamada, kent genelinde aranan \u015fah\u0131slara y\u00f6nelik \u00e7al\u0131\u015fmalar\u0131n kararl\u0131l\u0131kla s\u00fcrd\u00fcr\u00fclece\u011fi vurguland\u0131.<br \/><\/p>\n","protected":false},"excerpt":{"rendered":"<p>Denizli \u0130l Emniyet M\u00fcd\u00fcrl\u00fc\u011f\u00fc ekipleri taraf\u0131ndan ger\u00e7ekle\u015ftirilen operasyonlarda, haklar\u0131nda 10 y\u0131l ve \u00fczeri kesinle\u015fmi\u015f hapis cezas\u0131 bulunan 6 \u015fah\u0131s yakalanarak cezaevine teslim edildi. Denizli \u0130l Emniyet M\u00fcd\u00fcrl\u00fc\u011f\u00fc ekiplerince 1 Ekim \u2013 9 Ekim 2025 tarihleri aras\u0131nda aranan \u015fah\u0131slar\u0131n yakalanmas\u0131na y\u00f6nelik yap\u0131lan \u00e7al\u0131\u015fmalar kapsam\u0131nda hakk\u0131nda 10 y\u0131l ve \u00fczeri kesinle\u015fmi\u015f hapis cezas\u0131 bulunan 6 ki\u015fi yakalanarak&#8230;<\/p>\n","protected":false},"author":1,"featured_media":60648,"comment_status":"open","ping_status":"open","sticky":false,"template":"","format":"standard","meta":{"_crdt_document":"","footnotes":""},"categories":[5],"tags":[],"class_list":["post-60647","post","type-post","status-publish","format-standard","has-post-thumbnail","hentry","category-asayis"],"_links":{"self":[{"href":"https:\/\/www.egemtv.com\/index.php?rest_route=\/wp\/v2\/posts\/60647","targetHints":{"allow":["GET"]}}],"collection":[{"href":"https:\/\/www.egemtv.com\/index.php?rest_route=\/wp\/v2\/posts"}],"about":[{"href":"https:\/\/www.egemtv.com\/index.php?rest_route=\/wp\/v2\/types\/post"}],"author":[{"embeddable":true,"href":"https:\/\/www.egemtv.com\/index.php?rest_route=\/wp\/v2\/users\/1"}],"replies":[{"embeddable":true,"href":"https:\/\/www.egemtv.com\/index.php?rest_route=%2Fwp%2Fv2%2Fcomments&post=60647"}],"version-history":[{"count":1,"href":"https:\/\/www.egemtv.com\/index.php?rest_route=\/wp\/v2\/posts\/60647\/revisions"}],"predecessor-version":[{"id":60649,"href":"https:\/\/www.egemtv.com\/index.php?rest_route=\/wp\/v2\/posts\/60647\/revisions\/60649"}],"wp:featuredmedia":[{"embeddable":true,"href":"https:\/\/www.egemtv.com\/index.php?rest_route=\/wp\/v2\/media\/60648"}],"wp:attachment":[{"href":"https:\/\/www.egemtv.com\/index.php?rest_route=%2Fwp%2Fv2%2Fmedia&parent=60647"}],"wp:term":[{"taxonomy":"category","embeddable":true,"href":"https:\/\/www.egemtv.com\/index.php?rest_route=%2Fwp%2Fv2%2Fcategories&post=60647"},{"taxonomy":"post_tag","embeddable":true,"href":"https:\/\/www.egemtv.com\/index.php?rest_route=%2Fwp%2Fv2%2Ftags&post=60647"}],"curies":[{"name":"wp","href":"https:\/\/api.w.org\/{rel}","templated":true}]}}