{"id":60644,"date":"2025-10-10T17:58:16","date_gmt":"2025-10-10T14:58:16","guid":{"rendered":"https:\/\/www.egemtv.com\/?p=60644"},"modified":"2025-10-10T17:58:18","modified_gmt":"2025-10-10T14:58:18","slug":"didimde-uyusturucu-operasyonu-4-gozalti","status":"publish","type":"post","link":"https:\/\/www.egemtv.com\/?p=60644","title":{"rendered":"Didim\u2019de uyu\u015fturucu operasyonu: 4 g\u00f6zalt\u0131"},"content":{"rendered":"<p>Ayd\u0131n\u2019\u0131n Didim il\u00e7esi merkezli 2 ilde yap\u0131lan uyu\u015fturucu operasyonunda 4 ki\u015fi yakalan\u0131rken, \u00e7ok say\u0131da uyu\u015fturucu madde ele ge\u00e7irildi.<\/p>\n<p>Narkotik \u015eube M\u00fcd\u00fcrl\u00fc\u011f\u00fc Didim Narkotik Su\u00e7larla M\u00fccadele B\u00fcro Amirli\u011fi koordinesinde Ayd\u0131n\u2019\u0131n Didim il\u00e7esi ve \u0130zmir ilinde uyu\u015fturucu ticaretinin \u00f6nlenmesine y\u00f6nelik operasyon ger\u00e7ekle\u015ftirildi. Edinilen bilgiye g\u00f6re \u00e7al\u0131\u015fmalar sonucunda harekete ge\u00e7en ekipler, \u0130zmir ve Ayd\u0131n\u2019da belirlenen adreslere operasyon d\u00fczenledi. Yap\u0131lan bask\u0131nlarda 4 \u015f\u00fcpheli yakalanarak g\u00f6zalt\u0131na al\u0131nd\u0131. \u015eah\u0131slar\u0131n, ara\u00e7lar\u0131nda, ikametlerinde ve \u00fczerlerinde yap\u0131lan aramalarda bin 659 adet uyu\u015fturucu hap ele ge\u00e7irildi. Olayla ilgili yakalanan 4 \u015f\u00fcpheliye uyu\u015fturucu ticareti yapmak su\u00e7undan i\u015flem yap\u0131l\u0131rken, mahkemeye sevk edilen 3 \u015f\u00fcpheli tutuklanarak cezaevine g\u00f6nderildi.<br \/><\/p>\n","protected":false},"excerpt":{"rendered":"<p>Ayd\u0131n\u2019\u0131n Didim il\u00e7esi merkezli 2 ilde yap\u0131lan uyu\u015fturucu operasyonunda 4 ki\u015fi yakalan\u0131rken, \u00e7ok say\u0131da uyu\u015fturucu madde ele ge\u00e7irildi. Narkotik \u015eube M\u00fcd\u00fcrl\u00fc\u011f\u00fc Didim Narkotik Su\u00e7larla M\u00fccadele B\u00fcro Amirli\u011fi koordinesinde Ayd\u0131n\u2019\u0131n Didim il\u00e7esi ve \u0130zmir ilinde uyu\u015fturucu ticaretinin \u00f6nlenmesine y\u00f6nelik operasyon ger\u00e7ekle\u015ftirildi. Edinilen bilgiye g\u00f6re \u00e7al\u0131\u015fmalar sonucunda harekete ge\u00e7en ekipler, \u0130zmir ve Ayd\u0131n\u2019da belirlenen adreslere operasyon d\u00fczenledi&#8230;.<\/p>\n","protected":false},"author":1,"featured_media":60645,"comment_status":"open","ping_status":"open","sticky":false,"template":"","format":"standard","meta":{"_crdt_document":"","footnotes":""},"categories":[5],"tags":[],"class_list":["post-60644","post","type-post","status-publish","format-standard","has-post-thumbnail","hentry","category-asayis"],"_links":{"self":[{"href":"https:\/\/www.egemtv.com\/index.php?rest_route=\/wp\/v2\/posts\/60644","targetHints":{"allow":["GET"]}}],"collection":[{"href":"https:\/\/www.egemtv.com\/index.php?rest_route=\/wp\/v2\/posts"}],"about":[{"href":"https:\/\/www.egemtv.com\/index.php?rest_route=\/wp\/v2\/types\/post"}],"author":[{"embeddable":true,"href":"https:\/\/www.egemtv.com\/index.php?rest_route=\/wp\/v2\/users\/1"}],"replies":[{"embeddable":true,"href":"https:\/\/www.egemtv.com\/index.php?rest_route=%2Fwp%2Fv2%2Fcomments&post=60644"}],"version-history":[{"count":1,"href":"https:\/\/www.egemtv.com\/index.php?rest_route=\/wp\/v2\/posts\/60644\/revisions"}],"predecessor-version":[{"id":60646,"href":"https:\/\/www.egemtv.com\/index.php?rest_route=\/wp\/v2\/posts\/60644\/revisions\/60646"}],"wp:featuredmedia":[{"embeddable":true,"href":"https:\/\/www.egemtv.com\/index.php?rest_route=\/wp\/v2\/media\/60645"}],"wp:attachment":[{"href":"https:\/\/www.egemtv.com\/index.php?rest_route=%2Fwp%2Fv2%2Fmedia&parent=60644"}],"wp:term":[{"taxonomy":"category","embeddable":true,"href":"https:\/\/www.egemtv.com\/index.php?rest_route=%2Fwp%2Fv2%2Fcategories&post=60644"},{"taxonomy":"post_tag","embeddable":true,"href":"https:\/\/www.egemtv.com\/index.php?rest_route=%2Fwp%2Fv2%2Ftags&post=60644"}],"curies":[{"name":"wp","href":"https:\/\/api.w.org\/{rel}","templated":true}]}}