{"id":60638,"date":"2025-10-10T17:34:49","date_gmt":"2025-10-10T14:34:49","guid":{"rendered":"https:\/\/www.egemtv.com\/?p=60638"},"modified":"2025-10-10T17:34:50","modified_gmt":"2025-10-10T14:34:50","slug":"manisa-bagimlilik-psikiyatrisi-sempozyumuna-ev-sahipligi-yapti","status":"publish","type":"post","link":"https:\/\/www.egemtv.com\/?p=60638","title":{"rendered":"Manisa, Ba\u011f\u0131ml\u0131l\u0131k Psikiyatrisi Sempozyumuna ev sahipli\u011fi yapt\u0131"},"content":{"rendered":"<p>Manisa Ruh Sa\u011fl\u0131\u011f\u0131 ve Hastal\u0131klar\u0131 Hastanesi 1. Uluslararas\u0131 Kat\u0131l\u0131ml\u0131 Adli ve Klinik Toksikoloji G\u00fcnleri Sempozyumu\u2019na ev sahipli\u011fi yapt\u0131.<br \/>\n<br \/>Manisa Ruh Sa\u011fl\u0131\u011f\u0131 ve Hastal\u0131klar\u0131 Hastanesi\u2019nin ev sahipli\u011finde, \u2018ba\u011f\u0131ml\u0131l\u0131k psikiyatrisi\u2019 ana temal\u0131, 1. Uluslararas\u0131 Kat\u0131l\u0131ml\u0131 Adli ve Klinik Toksikoloji G\u00fcnleri Sempozyumu d\u00fczenlendi. 1.Uluslararas\u0131 Kat\u0131l\u0131ml\u0131 Adli ve Klinik Toksikoloji G\u00fcnleri Sempozyumu\u2019na Manisa Valisi Vahdettin \u00d6zkan, Cumhuriyet Ba\u015fsavc\u0131s\u0131 Kurtca Eker, \u0130l Sa\u011fl\u0131k M\u00fcd\u00fcr\u00fc Mehmet Fatih Zeren, ulusal ve uluslararas\u0131 \u00fcniversitelerden akademisyenler, ilgili kurum ve kurulu\u015flar\u0131n temsilcileri ve \u00e7ok say\u0131da davetli kat\u0131ld\u0131. Ba\u011f\u0131ml\u0131l\u0131k psikiyatrisinin ele al\u0131nd\u0131\u011f\u0131 sempozyumda bilim d\u00fcnyas\u0131ndan bir\u00e7ok akademisyen sunumlar\u0131n\u0131 ger\u00e7ekle\u015ftirdi, k\u00fcresel bir sa\u011fl\u0131k sorunu haline gelen ba\u011f\u0131ml\u0131l\u0131kla m\u00fccadelede , disiplinler aras\u0131 bir yakla\u015f\u0131m benimsendi\u011fi vurguland\u0131.<\/p>\n<p>Ba\u011f\u0131ml\u0131l\u0131ktan ar\u0131nm\u0131\u015f gelecek nesiller vurgusu<br \/>\n<br \/>Sempozyumda konu\u015fan Vali Vahdettin \u00d6zkan, ba\u011f\u0131ml\u0131l\u0131kla m\u00fccadele kapsam\u0131nda yerel ve ulusal stratejilerin belirlenmesinde yol g\u00f6sterici olacak \u2018Ba\u011f\u0131ml\u0131l\u0131k Psikiyatrisi\u2019 ana temal\u0131 sempozyumun, sa\u011fl\u0131k alan\u0131nda y\u00fckselen bir konumu olan \u015fehrimizde yap\u0131lmas\u0131n\u0131n \u00f6nemine dikkat \u00e7ekildi.<br \/>\n<br \/>Vali \u00d6zkan, toplum sa\u011fl\u0131\u011f\u0131 ve gelecek nesiller i\u00e7in ortak sorumlulu\u011fa dikkat \u00e7ekerek \u015funlar\u0131 s\u00f6yledi: &#8220;Ba\u011f\u0131ml\u0131l\u0131ktan ar\u0131nm\u0131\u015f bir toplum hepimizin ortak temennisidir. Ba\u011f\u0131ml\u0131l\u0131k, sadece bireyi de\u011fil, aileyi, toplumu ve nihayetinde gelece\u011fimizi tehdit eden \u00e7ok boyutlu bir sorundur. Bu nedenle, ba\u011f\u0131ml\u0131l\u0131kla m\u00fccadelede sadece t\u0131bbi de\u011fil; sosyal, psikolojik, hukuki ve teknolojik bir bak\u0131\u015f a\u00e7\u0131s\u0131n\u0131 benimsemek zorunday\u0131z. Bu sempozyumun ana temas\u0131 olan &#8220;Ba\u011f\u0131ml\u0131l\u0131k Psikiyatrisi&#8221;, bu \u00e7ok boyutlu m\u00fccadelede bilimsel rehberli\u011fe duyulan ihtiyac\u0131 kar\u015f\u0131lamay\u0131 ama\u00e7lamaktad\u0131r. Buradan \u00e7\u0131kacak fikirler, \u00f6neriler ve bilimsel \u00e7\u0131kt\u0131lar, sadece bug\u00fcn\u00fc de\u011fil, gelecek nesillerin sa\u011fl\u0131kl\u0131 ve g\u00fcvenli bir toplumda yeti\u015fmesi ad\u0131na da son derece \u00f6nemlidir.&#8221;<\/p>\n<p>Dijital d\u00f6n\u00fc\u015f\u00fcmle g\u00fc\u00e7lenen m\u00fccadele<br \/>\n<br \/>Manisa\u2019da dijital temelli ba\u011f\u0131ml\u0131l\u0131k yaz\u0131l\u0131m \u00e7al\u0131\u015fmas\u0131 haz\u0131rland\u0131\u011f\u0131 a\u00e7\u0131klayan Vali \u00d6zkan, yaz\u0131l\u0131m sayesinde 15-65 ya\u015f aras\u0131ndaki vatanda\u015flar\u0131n sosyal risk profilinin belirlenebilece\u011fini ve gerekli \u00f6nlemlerin al\u0131nmas\u0131 i\u00e7in \u00e7al\u0131\u015fma yap\u0131laca\u011f\u0131n\u0131 duyurdu. Vali \u00d6zkan, &#8220;Manisa\u2019m\u0131zda ba\u011f\u0131ml\u0131l\u0131kla m\u00fccadeleye y\u00f6nelik kurumlar\u0131m\u0131z\u0131n ortak \u00e7al\u0131\u015fmas\u0131 ile \u00e7ok payda\u015fl\u0131 bir dijital proje haz\u0131rlan\u0131yor. Valili\u011fimiz koordinasyonunda geli\u015ftirilen ve farkl\u0131 kurumlar\u0131m\u0131z\u0131n i\u015f birli\u011fiyle y\u00fcr\u00fct\u00fclen Ba\u011f\u0131ml\u0131l\u0131k Yaz\u0131l\u0131m Projesi, ba\u011f\u0131ml\u0131l\u0131k riskini erken tespit etmeye ve riskli bireyleri do\u011fru y\u00f6nlendirmeye imk\u00e2n tan\u0131yacak \u00e7ok k\u0131ymetli bir \u00e7al\u0131\u015fmad\u0131r. Manisa Celal Bayar \u00dcniversitesi\u2019nin katk\u0131s\u0131yla s\u00fcrd\u00fcr\u00fclen bu yaz\u0131l\u0131m sayesinde, 15-65 ya\u015f aras\u0131 vatanda\u015flar\u0131m\u0131z\u0131n sosyal risk profili bilimsel olarak de\u011ferlendirilecek, gerekli y\u00f6nlendirmeler zaman kaybetmeden yap\u0131labilecektir. Bu, halk sa\u011fl\u0131\u011f\u0131n\u0131n korunmas\u0131 ad\u0131na at\u0131lm\u0131\u015f son derece stratejik ve \u00f6nc\u00fc bir ad\u0131md\u0131r&#8221; dedi.<\/p>\n<p>&#8220;Bilimsel platformlarla ba\u011f\u0131ml\u0131l\u0131kla m\u00fccadelede iyi bir yol alabilece\u011fimize inan\u0131yorum&#8221;<br \/>\n<br \/>Vali \u00d6zkan, ba\u011f\u0131ml\u0131l\u0131kla m\u00fccadelenin toplumun her kesimini kapsayan bir seferberlik gerektirdi\u011fini belirterek, &#8220;Genel d\u00fczenlemelerle ba\u011f\u0131ml\u0131l\u0131kla m\u00fccadele eylem planlar\u0131n\u0131 il ve il\u00e7e bazl\u0131 haz\u0131rlad\u0131k. Ba\u011f\u0131ml\u0131l\u0131kla m\u00fccadelenin dijitalle\u015fme, bilimsel dayanak ve kurumlar aras\u0131 i\u015f birli\u011fi temellerinde y\u00fcr\u00fct\u00fclmesi gerekmektedir. Erken tan\u0131, y\u00f6nlendirme, rehabilitasyon zincirini olu\u015fturup bilimsel platformlarla politika \u00fcretimi sa\u011flanmal\u0131d\u0131r. Sempozyumun \u00e7\u0131kt\u0131lar\u0131n\u0131n ba\u011f\u0131ml\u0131l\u0131kla m\u00fccadelede ulusal politikalara ve uygulamalara y\u00f6n vermesini temenni ediyorum. \u00c7\u00f6z\u00fcm odakl\u0131 sonu\u00e7larla ba\u011f\u0131ml\u0131l\u0131kla m\u00fccadelede iyi bir yol alabilece\u011fimize inan\u0131yorum&#8221; dedi.<br \/>\n<br \/>Toplant\u0131da, bilimsel verilerle desteklenmi\u015f her ad\u0131m\u0131n toplumu, daha sa\u011fl\u0131kl\u0131, daha diren\u00e7li ve daha umut dolu bir gelece\u011fe ta\u015f\u0131yaca\u011f\u0131 belirtildi. Sempozyumun \u00dclkemizdeki ba\u011f\u0131ml\u0131l\u0131kla m\u00fccadele politikalar\u0131na sa\u011flayaca\u011f\u0131 katk\u0131 ile ulusal d\u00fczeyde yeni i\u015f birliklerinin ve somut yol haritalar\u0131n\u0131n olu\u015fmas\u0131na zemin haz\u0131rlayaca\u011f\u0131 de\u011ferlendirildi.<br \/>\n<br \/>Toksikoloji alan\u0131nda do\u011frudan ruhsat alan 6. merkez olan Manisa Ruh Sa\u011fl\u0131\u011f\u0131 ve Hastal\u0131klar\u0131 Hastanesinin ev sahipli\u011finde d\u00fczenlenen sempozyumda akademisyenler ve kat\u0131l\u0131mc\u0131lar kendi alanlar\u0131yla ilgili bilgi verdi.<br \/><\/p>\n","protected":false},"excerpt":{"rendered":"<p>Manisa Ruh Sa\u011fl\u0131\u011f\u0131 ve Hastal\u0131klar\u0131 Hastanesi 1. Uluslararas\u0131 Kat\u0131l\u0131ml\u0131 Adli ve Klinik Toksikoloji G\u00fcnleri Sempozyumu\u2019na ev sahipli\u011fi yapt\u0131. Manisa Ruh Sa\u011fl\u0131\u011f\u0131 ve Hastal\u0131klar\u0131 Hastanesi\u2019nin ev sahipli\u011finde, \u2018ba\u011f\u0131ml\u0131l\u0131k psikiyatrisi\u2019 ana temal\u0131, 1. Uluslararas\u0131 Kat\u0131l\u0131ml\u0131 Adli ve Klinik Toksikoloji G\u00fcnleri Sempozyumu d\u00fczenlendi. 1.Uluslararas\u0131 Kat\u0131l\u0131ml\u0131 Adli ve Klinik Toksikoloji G\u00fcnleri Sempozyumu\u2019na Manisa Valisi Vahdettin \u00d6zkan, Cumhuriyet Ba\u015fsavc\u0131s\u0131 Kurtca&#8230;<\/p>\n","protected":false},"author":1,"featured_media":60639,"comment_status":"open","ping_status":"open","sticky":false,"template":"","format":"standard","meta":{"_crdt_document":"","footnotes":""},"categories":[2],"tags":[],"class_list":["post-60638","post","type-post","status-publish","format-standard","has-post-thumbnail","hentry","category-saglik"],"_links":{"self":[{"href":"https:\/\/www.egemtv.com\/index.php?rest_route=\/wp\/v2\/posts\/60638","targetHints":{"allow":["GET"]}}],"collection":[{"href":"https:\/\/www.egemtv.com\/index.php?rest_route=\/wp\/v2\/posts"}],"about":[{"href":"https:\/\/www.egemtv.com\/index.php?rest_route=\/wp\/v2\/types\/post"}],"author":[{"embeddable":true,"href":"https:\/\/www.egemtv.com\/index.php?rest_route=\/wp\/v2\/users\/1"}],"replies":[{"embeddable":true,"href":"https:\/\/www.egemtv.com\/index.php?rest_route=%2Fwp%2Fv2%2Fcomments&post=60638"}],"version-history":[{"count":1,"href":"https:\/\/www.egemtv.com\/index.php?rest_route=\/wp\/v2\/posts\/60638\/revisions"}],"predecessor-version":[{"id":60640,"href":"https:\/\/www.egemtv.com\/index.php?rest_route=\/wp\/v2\/posts\/60638\/revisions\/60640"}],"wp:featuredmedia":[{"embeddable":true,"href":"https:\/\/www.egemtv.com\/index.php?rest_route=\/wp\/v2\/media\/60639"}],"wp:attachment":[{"href":"https:\/\/www.egemtv.com\/index.php?rest_route=%2Fwp%2Fv2%2Fmedia&parent=60638"}],"wp:term":[{"taxonomy":"category","embeddable":true,"href":"https:\/\/www.egemtv.com\/index.php?rest_route=%2Fwp%2Fv2%2Fcategories&post=60638"},{"taxonomy":"post_tag","embeddable":true,"href":"https:\/\/www.egemtv.com\/index.php?rest_route=%2Fwp%2Fv2%2Ftags&post=60638"}],"curies":[{"name":"wp","href":"https:\/\/api.w.org\/{rel}","templated":true}]}}