{"id":60635,"date":"2025-10-10T17:34:48","date_gmt":"2025-10-10T14:34:48","guid":{"rendered":"https:\/\/www.egemtv.com\/?p=60635"},"modified":"2025-10-10T17:34:49","modified_gmt":"2025-10-10T14:34:49","slug":"dolandiricilik-sucundan-aranan-sahis-aydinda-yakalandi","status":"publish","type":"post","link":"https:\/\/www.egemtv.com\/?p=60635","title":{"rendered":"Doland\u0131r\u0131c\u0131l\u0131k su\u00e7undan aranan \u015fah\u0131s Ayd\u0131n\u2019da yakaland\u0131"},"content":{"rendered":"<p>Ayd\u0131n\u2019\u0131n Efeler il\u00e7esinde 16 y\u0131l hapis cezas\u0131 ve 12 milyon TL para cezas\u0131 bulunan \u015f\u00fcpheli, polis ekiplerince yakaland\u0131.<\/p>\n<p>Ayd\u0131n \u0130l Emniyet M\u00fcd\u00fcrl\u00fc\u011f\u00fc koordinesinde aranan \u015fah\u0131slar\u0131n yakalanmas\u0131na y\u00f6nelik y\u00fcr\u00fct\u00fclen \u00e7al\u0131\u015fmalar s\u00fcr\u00fcyor. Edinilen bilgiye g\u00f6re polis ekipleri devriye esnas\u0131nda durumundan \u015f\u00fcphelendikleri bir ki\u015fiyi durdurdu. \u015eahs\u0131n, yap\u0131lan sorgusunda doland\u0131r\u0131c\u0131l\u0131k su\u00e7undan 16 y\u0131l hapis cezas\u0131yla arand\u0131\u011f\u0131 tespit edildi. Ayr\u0131ca 12 milyon TL para cezas\u0131n\u0131n da bulundu\u011fu tespit edilen \u015f\u00fcpheli \u015fah\u0131s, polis ekiplerince yakaland\u0131. G\u00f6zalt\u0131na al\u0131nan \u015fah\u0131s hakk\u0131nda adli i\u015flem ba\u015flat\u0131ld\u0131.<br \/><\/p>\n","protected":false},"excerpt":{"rendered":"<p>Ayd\u0131n\u2019\u0131n Efeler il\u00e7esinde 16 y\u0131l hapis cezas\u0131 ve 12 milyon TL para cezas\u0131 bulunan \u015f\u00fcpheli, polis ekiplerince yakaland\u0131. Ayd\u0131n \u0130l Emniyet M\u00fcd\u00fcrl\u00fc\u011f\u00fc koordinesinde aranan \u015fah\u0131slar\u0131n yakalanmas\u0131na y\u00f6nelik y\u00fcr\u00fct\u00fclen \u00e7al\u0131\u015fmalar s\u00fcr\u00fcyor. Edinilen bilgiye g\u00f6re polis ekipleri devriye esnas\u0131nda durumundan \u015f\u00fcphelendikleri bir ki\u015fiyi durdurdu. \u015eahs\u0131n, yap\u0131lan sorgusunda doland\u0131r\u0131c\u0131l\u0131k su\u00e7undan 16 y\u0131l hapis cezas\u0131yla arand\u0131\u011f\u0131 tespit edildi. Ayr\u0131ca&#8230;<\/p>\n","protected":false},"author":1,"featured_media":60636,"comment_status":"open","ping_status":"open","sticky":false,"template":"","format":"standard","meta":{"_crdt_document":"","footnotes":""},"categories":[5],"tags":[],"class_list":["post-60635","post","type-post","status-publish","format-standard","has-post-thumbnail","hentry","category-asayis"],"_links":{"self":[{"href":"https:\/\/www.egemtv.com\/index.php?rest_route=\/wp\/v2\/posts\/60635","targetHints":{"allow":["GET"]}}],"collection":[{"href":"https:\/\/www.egemtv.com\/index.php?rest_route=\/wp\/v2\/posts"}],"about":[{"href":"https:\/\/www.egemtv.com\/index.php?rest_route=\/wp\/v2\/types\/post"}],"author":[{"embeddable":true,"href":"https:\/\/www.egemtv.com\/index.php?rest_route=\/wp\/v2\/users\/1"}],"replies":[{"embeddable":true,"href":"https:\/\/www.egemtv.com\/index.php?rest_route=%2Fwp%2Fv2%2Fcomments&post=60635"}],"version-history":[{"count":1,"href":"https:\/\/www.egemtv.com\/index.php?rest_route=\/wp\/v2\/posts\/60635\/revisions"}],"predecessor-version":[{"id":60637,"href":"https:\/\/www.egemtv.com\/index.php?rest_route=\/wp\/v2\/posts\/60635\/revisions\/60637"}],"wp:featuredmedia":[{"embeddable":true,"href":"https:\/\/www.egemtv.com\/index.php?rest_route=\/wp\/v2\/media\/60636"}],"wp:attachment":[{"href":"https:\/\/www.egemtv.com\/index.php?rest_route=%2Fwp%2Fv2%2Fmedia&parent=60635"}],"wp:term":[{"taxonomy":"category","embeddable":true,"href":"https:\/\/www.egemtv.com\/index.php?rest_route=%2Fwp%2Fv2%2Fcategories&post=60635"},{"taxonomy":"post_tag","embeddable":true,"href":"https:\/\/www.egemtv.com\/index.php?rest_route=%2Fwp%2Fv2%2Ftags&post=60635"}],"curies":[{"name":"wp","href":"https:\/\/api.w.org\/{rel}","templated":true}]}}