{"id":60632,"date":"2025-10-10T17:14:42","date_gmt":"2025-10-10T14:14:42","guid":{"rendered":"https:\/\/www.egemtv.com\/?p=60632"},"modified":"2025-10-10T17:14:43","modified_gmt":"2025-10-10T14:14:43","slug":"bodrum-belediyesi-teknik-is-birligi-protokolu-imzaladi","status":"publish","type":"post","link":"https:\/\/www.egemtv.com\/?p=60632","title":{"rendered":"Bodrum Belediyesi Teknik \u0130\u015f Birli\u011fi protokol\u00fc imzalad\u0131"},"content":{"rendered":"<p>Bodrum Belediyesi ile \u0130n\u015faat M\u00fchendisleri Odas\u0131 (\u0130MO) Mu\u011fla \u015eubesi Bodrum Temsilcili\u011fi aras\u0131nda sa\u011fl\u0131kl\u0131 kentle\u015fme, nitelikli yap\u0131la\u015fma, k\u00fclt\u00fcrel, tarihi ve do\u011fal \u00e7evre de\u011ferlerinin korunarak geli\u015ftirilmesi amac\u0131yla &#8220;Ortak Teknik \u0130\u015f Birli\u011fi Protokol\u00fc&#8221; imzaland\u0131.<\/p>\n<p>Bodrum Belediye Ba\u015fkanl\u0131\u011f\u0131 toplant\u0131 salonunda ger\u00e7ekle\u015ftirilen protokol imza t\u00f6reninde Bodrum Belediye Ba\u015fkan\u0131 Tamer Mandalinci, Ba\u015fkan Yard\u0131mc\u0131s\u0131 Serkan Balkan, \u0130n\u015faat M\u00fchendisleri Odas\u0131 Mu\u011fla \u015eube Ba\u015fkan\u0131 Do\u00e7. Dr. Mehmet Rifat Kahyao\u011flu, \u0130n\u015faat M\u00fchendisleri Odas\u0131 Mu\u011fla \u015eube Sekreteri Emrah Uygunol, \u0130n\u015faat M\u00fchendisleri Odas\u0131 Bodrum Temsilcisi Metin Soylu ile Bodrum Temsilci Yard\u0131mc\u0131s\u0131 Mesut Da\u011fdelen yer ald\u0131.<\/p>\n<p>2019 y\u0131l\u0131nda Bodrum Belediyesi ve \u0130n\u015faat M\u00fchendisleri Odas\u0131 Bodrum Temsilcili\u011fi aras\u0131nda imzalanan ve yeniden g\u00fcncellenen Teknik \u0130\u015f Birli\u011fi Protokol\u00fc kapsam\u0131nda, teknik konularda projelerin kontrolleri ve di\u011fer statik konulara ili\u015fkin i\u015f birli\u011fi yap\u0131lacak.<\/p>\n<p>Protokol\u00fcn amac\u0131; sa\u011fl\u0131kl\u0131 kentle\u015fme ve nitelikli yap\u0131la\u015fma i\u00e7in gerekli mimarl\u0131k, \u015fehir planlama ve m\u00fchendislik hizmetlerinin; ilgili mevzuata, bilimsel esaslara ve mesleki kurallara uygun olarak y\u00fcr\u00fct\u00fclmesini sa\u011flamak. Bu kapsamda TMMOB \u0130n\u015faat M\u00fchendisleri Odas\u0131 (\u0130MO) Mu\u011fla \u015eubesi Bodrum Temsilcili\u011fi ile Bodrum Belediyesi aras\u0131nda teknik i\u015f birli\u011fi sa\u011flanacak ve taraflar bu y\u00f6ndeki ortak sorumluluklar\u0131n\u0131 tarih, k\u00fclt\u00fcr, do\u011fa ve \u00e7evre de\u011ferlerine sahip \u00e7\u0131karak dayan\u0131\u015fma i\u00e7inde yerine getirecek.<\/p>\n<p>Bu protokolle, belediye s\u0131n\u0131rlar\u0131 i\u00e7inde yap\u0131 ruhsat\u0131 gerektiren t\u00fcm yap\u0131 projelerini haz\u0131rlayan in\u015faat m\u00fchendislerinin kamu yarar\u0131na gerekli \u015fartlar\u0131 sa\u011flay\u0131p sa\u011flamad\u0131\u011f\u0131 tespit edilecek.<br \/><\/p>\n","protected":false},"excerpt":{"rendered":"<p>Bodrum Belediyesi ile \u0130n\u015faat M\u00fchendisleri Odas\u0131 (\u0130MO) Mu\u011fla \u015eubesi Bodrum Temsilcili\u011fi aras\u0131nda sa\u011fl\u0131kl\u0131 kentle\u015fme, nitelikli yap\u0131la\u015fma, k\u00fclt\u00fcrel, tarihi ve do\u011fal \u00e7evre de\u011ferlerinin korunarak geli\u015ftirilmesi amac\u0131yla &#8220;Ortak Teknik \u0130\u015f Birli\u011fi Protokol\u00fc&#8221; imzaland\u0131. Bodrum Belediye Ba\u015fkanl\u0131\u011f\u0131 toplant\u0131 salonunda ger\u00e7ekle\u015ftirilen protokol imza t\u00f6reninde Bodrum Belediye Ba\u015fkan\u0131 Tamer Mandalinci, Ba\u015fkan Yard\u0131mc\u0131s\u0131 Serkan Balkan, \u0130n\u015faat M\u00fchendisleri Odas\u0131 Mu\u011fla \u015eube Ba\u015fkan\u0131&#8230;<\/p>\n","protected":false},"author":1,"featured_media":60633,"comment_status":"open","ping_status":"open","sticky":false,"template":"","format":"standard","meta":{"_crdt_document":"","footnotes":""},"categories":[1],"tags":[],"class_list":["post-60632","post","type-post","status-publish","format-standard","has-post-thumbnail","hentry","category-guncel"],"_links":{"self":[{"href":"https:\/\/www.egemtv.com\/index.php?rest_route=\/wp\/v2\/posts\/60632","targetHints":{"allow":["GET"]}}],"collection":[{"href":"https:\/\/www.egemtv.com\/index.php?rest_route=\/wp\/v2\/posts"}],"about":[{"href":"https:\/\/www.egemtv.com\/index.php?rest_route=\/wp\/v2\/types\/post"}],"author":[{"embeddable":true,"href":"https:\/\/www.egemtv.com\/index.php?rest_route=\/wp\/v2\/users\/1"}],"replies":[{"embeddable":true,"href":"https:\/\/www.egemtv.com\/index.php?rest_route=%2Fwp%2Fv2%2Fcomments&post=60632"}],"version-history":[{"count":1,"href":"https:\/\/www.egemtv.com\/index.php?rest_route=\/wp\/v2\/posts\/60632\/revisions"}],"predecessor-version":[{"id":60634,"href":"https:\/\/www.egemtv.com\/index.php?rest_route=\/wp\/v2\/posts\/60632\/revisions\/60634"}],"wp:featuredmedia":[{"embeddable":true,"href":"https:\/\/www.egemtv.com\/index.php?rest_route=\/wp\/v2\/media\/60633"}],"wp:attachment":[{"href":"https:\/\/www.egemtv.com\/index.php?rest_route=%2Fwp%2Fv2%2Fmedia&parent=60632"}],"wp:term":[{"taxonomy":"category","embeddable":true,"href":"https:\/\/www.egemtv.com\/index.php?rest_route=%2Fwp%2Fv2%2Fcategories&post=60632"},{"taxonomy":"post_tag","embeddable":true,"href":"https:\/\/www.egemtv.com\/index.php?rest_route=%2Fwp%2Fv2%2Ftags&post=60632"}],"curies":[{"name":"wp","href":"https:\/\/api.w.org\/{rel}","templated":true}]}}