{"id":60626,"date":"2025-10-10T16:54:47","date_gmt":"2025-10-10T13:54:47","guid":{"rendered":"https:\/\/www.egemtv.com\/?p=60626"},"modified":"2025-10-10T16:54:48","modified_gmt":"2025-10-10T13:54:48","slug":"tavsanlinin-cikricak-koyunde-kulturel-miras-kadinlarla-yasatiliyor","status":"publish","type":"post","link":"https:\/\/www.egemtv.com\/?p=60626","title":{"rendered":"Tav\u015fanl\u0131\u2019n\u0131n \u00c7\u0131kr\u0131cak k\u00f6y\u00fcnde k\u00fclt\u00fcrel miras kad\u0131nlarla ya\u015fat\u0131l\u0131yor"},"content":{"rendered":"<p>K\u00fctahya\u2019n\u0131n Tav\u015fanl\u0131 il\u00e7esine ba\u011fl\u0131 \u00c7\u0131kr\u0131cak k\u00f6y\u00fcnde k\u00fclt\u00fcrlerine ve geleneklerine sahip \u00e7\u0131kan kad\u0131nlar, d\u00fczenledikleri y\u00f6resel geceyle atalar\u0131ndan miras kalan de\u011ferleri ya\u015fatmaya devam ediyor.<br \/>\n<br \/>Ge\u00e7mi\u015fin izlerini gelece\u011fe ta\u015f\u0131mak amac\u0131yla bir araya gelen \u00c7\u0131kr\u0131cak k\u00f6y\u00fc kad\u0131nlar\u0131, d\u00fczenledikleri etkinlikte bulu\u015ftu. Annelerinden, ninelerinden \u00f6\u011frendikleri manileri, t\u00fcrk\u00fcleri ve oyunlar\u0131 yeni nesillere aktarma bilinciyle hareket eden kad\u0131nlar, gecede e\u011flenceli anlar ya\u015fad\u0131. Ellerindeki teflerle ritim tutan kad\u0131nlar, y\u00f6reye \u00f6zg\u00fc halk oyunlar\u0131n\u0131 b\u00fcy\u00fck bir ustal\u0131kla sergilediler. Sand\u0131klardan \u00e7\u0131kan ve her biri ayr\u0131 bir an\u0131 ta\u015f\u0131yan y\u00f6resel k\u0131yafetleriyle geceye renk katan kad\u0131nlar\u0131n s\u00f6yledi\u011fi t\u00fcrk\u00fclere hep bir a\u011f\u0131zdan e\u015flik edildi. Bu anlaml\u0131 bulu\u015fma, k\u00f6y\u00fcn k\u00fclt\u00fcrel zenginli\u011fini ve kad\u0131nlar\u0131n bu zenginli\u011fi korumadaki kilit rol\u00fcn\u00fcn en g\u00fczel \u00f6rneklerinden birini olu\u015fturdu.<br \/>\n<br \/>Programa kat\u0131larak kad\u0131nlar\u0131n heyecan\u0131na ortak olan Kuru\u00e7ay Belediye Ba\u015fkan\u0131 Reng\u00fcl At\u0131c\u0131, g\u00f6rd\u00fc\u011f\u00fc manzara kar\u015f\u0131s\u0131nda memnuniyetini dile getirerek, &#8220;Bu t\u00fcr geleneklerin ya\u015fat\u0131lmas\u0131, k\u00fclt\u00fcr\u00fcm\u00fcz\u00fcn temel ta\u015flar\u0131n\u0131 sa\u011flamla\u015ft\u0131r\u0131yor. Kad\u0131nlar\u0131m\u0131z\u0131n bu \u00f6zverili \u00e7abas\u0131 her t\u00fcrl\u00fc takdirin \u00fczerindedir. Gelecek nesillere b\u0131rak\u0131lacak en b\u00fcy\u00fck hazine budur&#8221; dedi.<br \/>\n<br \/>K\u00f6y sakinlerinden Arife Daysal bu t\u00fcr etkinliklerin \u00f6nemine vurgu yaparak, &#8220;Bu geceler bizim i\u00e7in sadece bir e\u011flence de\u011fil, ayn\u0131 zamanda birlik ve beraberli\u011fimizin, aram\u0131zdaki dostlu\u011fun peki\u015fti\u011fi \u00e7ok \u00f6zel zamanlar. Bir araya gelerek kayna\u015f\u0131yor, k\u00fclt\u00fcr\u00fcm\u00fcz\u00fc hep birlikte canl\u0131 tutuyoruz&#8221; \u015feklinde konu\u015ftu.<br \/>\n<br \/>Atalar\u0131ndan kalan bu de\u011ferli miras\u0131 ya\u015fatman\u0131n gururunu ya\u015fad\u0131klar\u0131n\u0131 belirten kad\u0131nlar, geleneklerini gelece\u011fe ta\u015f\u0131ma konusundaki kararl\u0131l\u0131klar\u0131n\u0131 bir kez daha g\u00f6stermi\u015f oldular.<br \/><\/p>\n","protected":false},"excerpt":{"rendered":"<p>K\u00fctahya\u2019n\u0131n Tav\u015fanl\u0131 il\u00e7esine ba\u011fl\u0131 \u00c7\u0131kr\u0131cak k\u00f6y\u00fcnde k\u00fclt\u00fcrlerine ve geleneklerine sahip \u00e7\u0131kan kad\u0131nlar, d\u00fczenledikleri y\u00f6resel geceyle atalar\u0131ndan miras kalan de\u011ferleri ya\u015fatmaya devam ediyor. Ge\u00e7mi\u015fin izlerini gelece\u011fe ta\u015f\u0131mak amac\u0131yla bir araya gelen \u00c7\u0131kr\u0131cak k\u00f6y\u00fc kad\u0131nlar\u0131, d\u00fczenledikleri etkinlikte bulu\u015ftu. Annelerinden, ninelerinden \u00f6\u011frendikleri manileri, t\u00fcrk\u00fcleri ve oyunlar\u0131 yeni nesillere aktarma bilinciyle hareket eden kad\u0131nlar, gecede e\u011flenceli anlar ya\u015fad\u0131. Ellerindeki&#8230;<\/p>\n","protected":false},"author":1,"featured_media":60627,"comment_status":"open","ping_status":"open","sticky":false,"template":"","format":"standard","meta":{"_crdt_document":"","footnotes":""},"categories":[1],"tags":[],"class_list":["post-60626","post","type-post","status-publish","format-standard","has-post-thumbnail","hentry","category-guncel"],"_links":{"self":[{"href":"https:\/\/www.egemtv.com\/index.php?rest_route=\/wp\/v2\/posts\/60626","targetHints":{"allow":["GET"]}}],"collection":[{"href":"https:\/\/www.egemtv.com\/index.php?rest_route=\/wp\/v2\/posts"}],"about":[{"href":"https:\/\/www.egemtv.com\/index.php?rest_route=\/wp\/v2\/types\/post"}],"author":[{"embeddable":true,"href":"https:\/\/www.egemtv.com\/index.php?rest_route=\/wp\/v2\/users\/1"}],"replies":[{"embeddable":true,"href":"https:\/\/www.egemtv.com\/index.php?rest_route=%2Fwp%2Fv2%2Fcomments&post=60626"}],"version-history":[{"count":1,"href":"https:\/\/www.egemtv.com\/index.php?rest_route=\/wp\/v2\/posts\/60626\/revisions"}],"predecessor-version":[{"id":60628,"href":"https:\/\/www.egemtv.com\/index.php?rest_route=\/wp\/v2\/posts\/60626\/revisions\/60628"}],"wp:featuredmedia":[{"embeddable":true,"href":"https:\/\/www.egemtv.com\/index.php?rest_route=\/wp\/v2\/media\/60627"}],"wp:attachment":[{"href":"https:\/\/www.egemtv.com\/index.php?rest_route=%2Fwp%2Fv2%2Fmedia&parent=60626"}],"wp:term":[{"taxonomy":"category","embeddable":true,"href":"https:\/\/www.egemtv.com\/index.php?rest_route=%2Fwp%2Fv2%2Fcategories&post=60626"},{"taxonomy":"post_tag","embeddable":true,"href":"https:\/\/www.egemtv.com\/index.php?rest_route=%2Fwp%2Fv2%2Ftags&post=60626"}],"curies":[{"name":"wp","href":"https:\/\/api.w.org\/{rel}","templated":true}]}}