{"id":60623,"date":"2025-10-10T16:34:51","date_gmt":"2025-10-10T13:34:51","guid":{"rendered":"https:\/\/www.egemtv.com\/?p=60623"},"modified":"2025-10-10T16:34:52","modified_gmt":"2025-10-10T13:34:52","slug":"kontrolden-cikan-otomobil-sulama-kanalina-carpti-1-olu","status":"publish","type":"post","link":"https:\/\/www.egemtv.com\/?p=60623","title":{"rendered":"Kontrolden \u00e7\u0131kan otomobil sulama kanal\u0131na \u00e7arpt\u0131: 1 \u00f6l\u00fc"},"content":{"rendered":"<p>Ayd\u0131n\u2019\u0131n Germencik il\u00e7esinde seyir halindeki otomobilin kontrolden \u00e7\u0131karak sulama kanal\u0131na \u00e7arpmas\u0131 sonucu meydana gelen kazada 1 ki\u015fi hayat\u0131n\u0131 kaybetti.<\/p>\n<p>Kaza, Germencik il\u00e7esi Turanlar Mahallesi yak\u0131nlar\u0131nda meydana geldi. Edinilen bilgiye g\u00f6re Ay\u015fe Genel (41) idaresindeki 09 ADZ 825 plakal\u0131 otomobil, hen\u00fcz bilinmeyen bir nedenle kontrolden \u00e7\u0131karak yol kenar\u0131ndaki sulama kanal\u0131na \u00e7arpt\u0131. Kazay\u0131 g\u00f6renler durumu 112 Acil \u00c7a\u011fr\u0131 Merkezi\u2019ne bildirdi. \u0130hbar \u00fczerine b\u00f6lgeye jandarma ve sa\u011fl\u0131k ekipleri sevk edildi. K\u0131sa s\u00fcrede b\u00f6lgeye gelen sa\u011fl\u0131k ekipleri, ara\u00e7 s\u00fcr\u00fcc\u00fcs\u00fc Genel\u2019in olay yerinde hayat\u0131n\u0131 kaybetti\u011fini belirledi. Yap\u0131lan incelemelerin ard\u0131ndan gen\u00e7 kad\u0131n\u0131n cans\u0131z bedeni, Germencik Devlet Hastanesi morguna kald\u0131r\u0131l\u0131rken, olayla ilgili soru\u015fturma ba\u015flat\u0131ld\u0131.<br \/><\/p>\n","protected":false},"excerpt":{"rendered":"<p>Ayd\u0131n\u2019\u0131n Germencik il\u00e7esinde seyir halindeki otomobilin kontrolden \u00e7\u0131karak sulama kanal\u0131na \u00e7arpmas\u0131 sonucu meydana gelen kazada 1 ki\u015fi hayat\u0131n\u0131 kaybetti. Kaza, Germencik il\u00e7esi Turanlar Mahallesi yak\u0131nlar\u0131nda meydana geldi. Edinilen bilgiye g\u00f6re Ay\u015fe Genel (41) idaresindeki 09 ADZ 825 plakal\u0131 otomobil, hen\u00fcz bilinmeyen bir nedenle kontrolden \u00e7\u0131karak yol kenar\u0131ndaki sulama kanal\u0131na \u00e7arpt\u0131. Kazay\u0131 g\u00f6renler durumu 112 Acil&#8230;<\/p>\n","protected":false},"author":1,"featured_media":60624,"comment_status":"open","ping_status":"open","sticky":false,"template":"","format":"standard","meta":{"_crdt_document":"","footnotes":""},"categories":[5],"tags":[],"class_list":["post-60623","post","type-post","status-publish","format-standard","has-post-thumbnail","hentry","category-asayis"],"_links":{"self":[{"href":"https:\/\/www.egemtv.com\/index.php?rest_route=\/wp\/v2\/posts\/60623","targetHints":{"allow":["GET"]}}],"collection":[{"href":"https:\/\/www.egemtv.com\/index.php?rest_route=\/wp\/v2\/posts"}],"about":[{"href":"https:\/\/www.egemtv.com\/index.php?rest_route=\/wp\/v2\/types\/post"}],"author":[{"embeddable":true,"href":"https:\/\/www.egemtv.com\/index.php?rest_route=\/wp\/v2\/users\/1"}],"replies":[{"embeddable":true,"href":"https:\/\/www.egemtv.com\/index.php?rest_route=%2Fwp%2Fv2%2Fcomments&post=60623"}],"version-history":[{"count":1,"href":"https:\/\/www.egemtv.com\/index.php?rest_route=\/wp\/v2\/posts\/60623\/revisions"}],"predecessor-version":[{"id":60625,"href":"https:\/\/www.egemtv.com\/index.php?rest_route=\/wp\/v2\/posts\/60623\/revisions\/60625"}],"wp:featuredmedia":[{"embeddable":true,"href":"https:\/\/www.egemtv.com\/index.php?rest_route=\/wp\/v2\/media\/60624"}],"wp:attachment":[{"href":"https:\/\/www.egemtv.com\/index.php?rest_route=%2Fwp%2Fv2%2Fmedia&parent=60623"}],"wp:term":[{"taxonomy":"category","embeddable":true,"href":"https:\/\/www.egemtv.com\/index.php?rest_route=%2Fwp%2Fv2%2Fcategories&post=60623"},{"taxonomy":"post_tag","embeddable":true,"href":"https:\/\/www.egemtv.com\/index.php?rest_route=%2Fwp%2Fv2%2Ftags&post=60623"}],"curies":[{"name":"wp","href":"https:\/\/api.w.org\/{rel}","templated":true}]}}