{"id":60593,"date":"2025-10-10T15:35:43","date_gmt":"2025-10-10T12:35:43","guid":{"rendered":"https:\/\/www.egemtv.com\/?p=60593"},"modified":"2025-10-10T15:35:44","modified_gmt":"2025-10-10T12:35:44","slug":"muglada-tefecilik-operasyonu-gozaltina-alinan-5-kisi-adliyeye-sevk-edildi","status":"publish","type":"post","link":"https:\/\/www.egemtv.com\/?p=60593","title":{"rendered":"Mu\u011fla\u2019da tefecilik operasyonu, g\u00f6zalt\u0131na al\u0131nan 5 ki\u015fi adliyeye sevk edildi"},"content":{"rendered":"<p>Mu\u011fla\u2019n\u0131n Ortaca il\u00e7esinde bir ihbar \u00fczerine tefecilik operasyonu ba\u015flatan Mu\u011fla Ka\u00e7ak\u00e7\u0131l\u0131k ve Organize Su\u00e7larla M\u00fccadele (KOM) \u015eubesi ekipleri Antalya ve Mu\u011fla illerinde operasyon d\u00fczenledi. Operasyon kapsam\u0131nda g\u00f6zalt\u0131na al\u0131nan 5 \u015f\u00fcpheli adliyeye sevk edildi.<br \/>\n<br \/>Edinilen bilgiye g\u00f6re; baz\u0131 ma\u011fdurlar\u0131n Ortaca Cumhuriyet Ba\u015fsavc\u0131l\u0131\u011f\u0131\u2019na verdi\u011fi \u015fikayet dilek\u00e7esi \u00fczerine ba\u015flat\u0131lan soru\u015fturma kapsam\u0131nda \u00e7o\u011funlu\u011fu Antalya ilinde olan bir grubun tefecilik yapt\u0131\u011f\u0131 tespit edildi. Bunun \u00fczerine Mu\u011fla KOM ekipleri taraf\u0131ndan yap\u0131lan operasyonda \u015febeke \u00fcyesi oldu\u011fu belirlenen 5 ki\u015fi gelen polis taraf\u0131ndan yakalanarak g\u00f6zalt\u0131na al\u0131nd\u0131. Emniyetteki i\u015flemlerin ard\u0131ndan \u015f\u00fcpheli \u015fah\u0131slar Ortaca\u2019da adliyeye sevk edildi. Adliyeye sevk edilen \u015f\u00fcphelilerin sorgusu devam ediyor.<br \/><\/p>\n","protected":false},"excerpt":{"rendered":"<p>Mu\u011fla\u2019n\u0131n Ortaca il\u00e7esinde bir ihbar \u00fczerine tefecilik operasyonu ba\u015flatan Mu\u011fla Ka\u00e7ak\u00e7\u0131l\u0131k ve Organize Su\u00e7larla M\u00fccadele (KOM) \u015eubesi ekipleri Antalya ve Mu\u011fla illerinde operasyon d\u00fczenledi. Operasyon kapsam\u0131nda g\u00f6zalt\u0131na al\u0131nan 5 \u015f\u00fcpheli adliyeye sevk edildi. Edinilen bilgiye g\u00f6re; baz\u0131 ma\u011fdurlar\u0131n Ortaca Cumhuriyet Ba\u015fsavc\u0131l\u0131\u011f\u0131\u2019na verdi\u011fi \u015fikayet dilek\u00e7esi \u00fczerine ba\u015flat\u0131lan soru\u015fturma kapsam\u0131nda \u00e7o\u011funlu\u011fu Antalya ilinde olan bir grubun tefecilik&#8230;<\/p>\n","protected":false},"author":1,"featured_media":60594,"comment_status":"open","ping_status":"open","sticky":false,"template":"","format":"standard","meta":{"_crdt_document":"","footnotes":""},"categories":[5],"tags":[],"class_list":["post-60593","post","type-post","status-publish","format-standard","has-post-thumbnail","hentry","category-asayis"],"_links":{"self":[{"href":"https:\/\/www.egemtv.com\/index.php?rest_route=\/wp\/v2\/posts\/60593","targetHints":{"allow":["GET"]}}],"collection":[{"href":"https:\/\/www.egemtv.com\/index.php?rest_route=\/wp\/v2\/posts"}],"about":[{"href":"https:\/\/www.egemtv.com\/index.php?rest_route=\/wp\/v2\/types\/post"}],"author":[{"embeddable":true,"href":"https:\/\/www.egemtv.com\/index.php?rest_route=\/wp\/v2\/users\/1"}],"replies":[{"embeddable":true,"href":"https:\/\/www.egemtv.com\/index.php?rest_route=%2Fwp%2Fv2%2Fcomments&post=60593"}],"version-history":[{"count":1,"href":"https:\/\/www.egemtv.com\/index.php?rest_route=\/wp\/v2\/posts\/60593\/revisions"}],"predecessor-version":[{"id":60595,"href":"https:\/\/www.egemtv.com\/index.php?rest_route=\/wp\/v2\/posts\/60593\/revisions\/60595"}],"wp:featuredmedia":[{"embeddable":true,"href":"https:\/\/www.egemtv.com\/index.php?rest_route=\/wp\/v2\/media\/60594"}],"wp:attachment":[{"href":"https:\/\/www.egemtv.com\/index.php?rest_route=%2Fwp%2Fv2%2Fmedia&parent=60593"}],"wp:term":[{"taxonomy":"category","embeddable":true,"href":"https:\/\/www.egemtv.com\/index.php?rest_route=%2Fwp%2Fv2%2Fcategories&post=60593"},{"taxonomy":"post_tag","embeddable":true,"href":"https:\/\/www.egemtv.com\/index.php?rest_route=%2Fwp%2Fv2%2Ftags&post=60593"}],"curies":[{"name":"wp","href":"https:\/\/api.w.org\/{rel}","templated":true}]}}