{"id":60590,"date":"2025-10-10T15:35:42","date_gmt":"2025-10-10T12:35:42","guid":{"rendered":"https:\/\/www.egemtv.com\/?p=60590"},"modified":"2025-10-10T15:35:43","modified_gmt":"2025-10-10T12:35:43","slug":"mugla-buyuksehir-belediyesi-sualti-arama-kurtarma-ekibi-goreve-hazir","status":"publish","type":"post","link":"https:\/\/www.egemtv.com\/?p=60590","title":{"rendered":"Mu\u011fla B\u00fcy\u00fck\u015fehir Belediyesi Sualt\u0131 Arama Kurtarma ekibi g\u00f6reve haz\u0131r"},"content":{"rendered":"<p>Mu\u011fla B\u00fcy\u00fck\u015fehir Belediyesi, kurdu\u011fu Su Alt\u0131 Arama Kurtarma Ekibi ile hem denizlerde hem de karasularda meydana gelebilecek olaylara h\u0131zl\u0131 ve etkin \u015fekilde m\u00fcdahale edecek.<br \/>\n<br \/>T\u00fcrkiye\u2019nin en \u00f6nemli turizm merkezlerinden biri olan Mu\u011fla\u2019da, B\u00fcy\u00fck\u015fehir Belediyesi muhtemel su alt\u0131 ve su \u00fcst\u00fc olaylar\u0131na an\u0131nda m\u00fcdahale edebilmek amac\u0131yla 14 ki\u015fiden olu\u015fan Su Alt\u0131 Arama Kurtarma Ekibi kurdu. Uzman ekip, operasyonlara kat\u0131labilmek i\u00e7in kapsaml\u0131 bir e\u011fitim s\u00fcrecinden ge\u00e7ti.<br \/>\n<br \/>Mu\u011fla B\u00fcy\u00fck\u015fehir Belediyesi Su Alt\u0131 Arama Kurtarma Ekibi, dal\u0131\u015f g\u00fcvenli\u011fi ve su alt\u0131 operasyonlar\u0131na y\u00f6nelik kapsaml\u0131 bir e\u011fitim program\u0131n\u0131 tamamlad\u0131. Ekip, e\u011fitim kapsam\u0131nda \u015fnorkel ve palet kullan\u0131m\u0131, fizik ve fizyoloji, bas\u0131n\u00e7-hacim ili\u015fkileri, dal\u0131\u015f becerileri, g\u00fcvenli b\u00f6lge se\u00e7imi, pusula ve do\u011fal navigasyon, kerteriz alma, dal\u0131\u015f hastal\u0131klar\u0131 ve ilk yard\u0131m gibi konularda teorik ve uygulamal\u0131 e\u011fitim ald\u0131. Bu program sayesinde ekip, yaln\u0131zca can kurtarma de\u011fil, ayn\u0131 zamanda su alt\u0131 operasyonlar\u0131nda emniyetli ve profesyonel \u00e7al\u0131\u015fma yetkinli\u011fi kazand\u0131.<br \/>\n<br \/>Mu\u011fla B\u00fcy\u00fck\u015fehir Belediyesi, \u0130tfaiye Dairesi Ba\u015fkanl\u0131\u011f\u0131 Dal\u0131\u015f Amiri Ali \u00dcst\u00fcnkaya &#8220;Biz bu ekibimizi Mu\u011fla B\u00fcy\u00fck\u015fehir Belediyesi olarak il ve il\u00e7elerimiz, s\u0131n\u0131rlar i\u00e7erisinde kalan kara sular\u0131m\u0131zda, i\u00e7 sular\u0131m\u0131zda herhangi bir arama kurtarmaya m\u00fcdahil olmak amac\u0131yla Sualt\u0131 ve Su\u00fcst\u00fc Arama Kurtarma Birimini \u0130tfaiye Daire Ba\u015fkanl\u0131\u011f\u0131 biriminde kurduk. Ekibimizde yakla\u015f\u0131k 14 tane profesyonel dal\u0131c\u0131 bulunmaktad\u0131r. Ekibimiz \u015fu anda e\u011fitim icra etmekte olup, sualt\u0131 arama kurtarma konular\u0131nda, sualt\u0131 fizyolojisi, sualt\u0131 dal\u0131\u015f hastal\u0131klar\u0131, sualt\u0131nda ilk yard\u0131m, sualt\u0131 arama kurtarma, dal\u0131\u015f fizyolojisi, dal\u0131\u015f hastal\u0131klar\u0131, temel ilk yard\u0131m gibi konularda ve kurtarma konular\u0131nda e\u011fitim almaktad\u0131r. Ekibimiz operasyonlara kat\u0131labilmek i\u00e7in uzun ve me\u015fakkatli bir e\u011fitim s\u00fcrecinden ge\u00e7ti. E\u011fitimlerimiz bug\u00fcn itibariyle tamamlanmakta olup, ekibimiz ald\u0131\u011f\u0131 e\u011fitimler neticesinde sadece can kurtarmada de\u011fil, sualt\u0131nda yap\u0131lacak b\u00fct\u00fcn operasyonlara yapma ve y\u00fcr\u00fctme yetkisine art\u0131k bundan sonra sahiptir. Mu\u011fla B\u00fcy\u00fck\u015fehir Belediye Ba\u015fkan\u0131m\u0131z, Say\u0131n Ahmet Aras\u2019\u0131n \u00f6nceli\u011finde kurulan bu ekip, ilimiz s\u0131n\u0131rlar\u0131 i\u00e7erisinde olu\u015fabilecek herhangi bir sualt\u0131 ya da su \u00fcst\u00fc kazalar\u0131na, olaylar\u0131na m\u00fcdahale etmek i\u00e7in haz\u0131rd\u0131r&#8221; dedi.<br \/>\n<br \/>Ege ve Akdeniz\u2019e k\u0131y\u0131s\u0131 olan Mu\u011fla\u2019n\u0131n barajlar, g\u00f6ller, akarsular ve k\u0131y\u0131 b\u00f6lgeleriyle T\u00fcrkiye\u2019nin en fazla su alan\u0131na sahip illerinden birisi oldu\u011funu belirten K\u0131y\u0131 Ege Belediyeler Birli\u011fi ve Mu\u011fla B\u00fcy\u00fck\u015fehir Belediye Ba\u015fkan\u0131 Ahmet Aras, su alt\u0131nda ya\u015fanabilecek olaylara kar\u015f\u0131 haz\u0131rl\u0131kl\u0131 olman\u0131n bir zorunluluk oldu\u011funu, kurduklar\u0131 Su Alt\u0131 Arama Kurtarma ekibinin e\u011fitimli personeli ve teknik donan\u0131m\u0131yla vatanda\u015flar\u0131n can g\u00fcvenli\u011fi i\u00e7in 7 g\u00fcn 24 saat g\u00f6revde olaca\u011f\u0131n\u0131 a\u00e7\u0131klad\u0131.<br \/><\/p>\n","protected":false},"excerpt":{"rendered":"<p>Mu\u011fla B\u00fcy\u00fck\u015fehir Belediyesi, kurdu\u011fu Su Alt\u0131 Arama Kurtarma Ekibi ile hem denizlerde hem de karasularda meydana gelebilecek olaylara h\u0131zl\u0131 ve etkin \u015fekilde m\u00fcdahale edecek. T\u00fcrkiye\u2019nin en \u00f6nemli turizm merkezlerinden biri olan Mu\u011fla\u2019da, B\u00fcy\u00fck\u015fehir Belediyesi muhtemel su alt\u0131 ve su \u00fcst\u00fc olaylar\u0131na an\u0131nda m\u00fcdahale edebilmek amac\u0131yla 14 ki\u015fiden olu\u015fan Su Alt\u0131 Arama Kurtarma Ekibi kurdu. Uzman&#8230;<\/p>\n","protected":false},"author":1,"featured_media":60591,"comment_status":"open","ping_status":"open","sticky":false,"template":"","format":"standard","meta":{"_crdt_document":"","footnotes":""},"categories":[5],"tags":[],"class_list":["post-60590","post","type-post","status-publish","format-standard","has-post-thumbnail","hentry","category-asayis"],"_links":{"self":[{"href":"https:\/\/www.egemtv.com\/index.php?rest_route=\/wp\/v2\/posts\/60590","targetHints":{"allow":["GET"]}}],"collection":[{"href":"https:\/\/www.egemtv.com\/index.php?rest_route=\/wp\/v2\/posts"}],"about":[{"href":"https:\/\/www.egemtv.com\/index.php?rest_route=\/wp\/v2\/types\/post"}],"author":[{"embeddable":true,"href":"https:\/\/www.egemtv.com\/index.php?rest_route=\/wp\/v2\/users\/1"}],"replies":[{"embeddable":true,"href":"https:\/\/www.egemtv.com\/index.php?rest_route=%2Fwp%2Fv2%2Fcomments&post=60590"}],"version-history":[{"count":1,"href":"https:\/\/www.egemtv.com\/index.php?rest_route=\/wp\/v2\/posts\/60590\/revisions"}],"predecessor-version":[{"id":60592,"href":"https:\/\/www.egemtv.com\/index.php?rest_route=\/wp\/v2\/posts\/60590\/revisions\/60592"}],"wp:featuredmedia":[{"embeddable":true,"href":"https:\/\/www.egemtv.com\/index.php?rest_route=\/wp\/v2\/media\/60591"}],"wp:attachment":[{"href":"https:\/\/www.egemtv.com\/index.php?rest_route=%2Fwp%2Fv2%2Fmedia&parent=60590"}],"wp:term":[{"taxonomy":"category","embeddable":true,"href":"https:\/\/www.egemtv.com\/index.php?rest_route=%2Fwp%2Fv2%2Fcategories&post=60590"},{"taxonomy":"post_tag","embeddable":true,"href":"https:\/\/www.egemtv.com\/index.php?rest_route=%2Fwp%2Fv2%2Ftags&post=60590"}],"curies":[{"name":"wp","href":"https:\/\/api.w.org\/{rel}","templated":true}]}}