{"id":60587,"date":"2025-10-10T15:15:07","date_gmt":"2025-10-10T12:15:07","guid":{"rendered":"https:\/\/www.egemtv.com\/?p=60587"},"modified":"2025-10-10T15:15:08","modified_gmt":"2025-10-10T12:15:08","slug":"kardes-sehir-ogrencileri-kusadasini-yakindan-tanidi","status":"publish","type":"post","link":"https:\/\/www.egemtv.com\/?p=60587","title":{"rendered":"Karde\u015f \u015eehir \u00f6\u011frencileri Ku\u015fadas\u0131\u2019n\u0131 yak\u0131ndan tan\u0131d\u0131"},"content":{"rendered":"<p>Ku\u015fadas\u0131 Karde\u015f \u015eehirler Gen\u00e7lik Toplant\u0131s\u0131\u2019n\u0131n 4. g\u00fcn\u00fcnde, T\u00fcrkiye dahil 8 \u00fclkeden gelen 15-18 ya\u015f aras\u0131 \u00f6\u011frenciler, kentin k\u00fclt\u00fcrel ve tarihi rotalar\u0131n\u0131 gezdi. Program boyunca Ku\u015fadas\u0131\u2019n\u0131 yak\u0131ndan tan\u0131y\u0131p, tarihte yolculu\u011fa \u00e7\u0131kan gen\u00e7ler, olduk\u00e7a keyifli vakit ge\u00e7irdi.<\/p>\n<p>Gezi rotalar\u0131na KUAKMER\u2019den ba\u015flayan grup, \u00c7al\u0131ku\u015fu K\u00fclt\u00fcr Evi, Mineral ve Fosil M\u00fczesi, SEYAKMER, Necati Korkmaz Mikro Minyat\u00fcr Sergi Alan\u0131 ve G\u00fcvercinada Deniz Ticaret Tarihi M\u00fczesi\u2019ni dola\u015ft\u0131. Gazibe\u011fendi Arya Tesisleri\u2019nde \u00f6\u011fle yeme\u011fi molas\u0131 veren \u00f6\u011frenciler dinlenirken e\u015fsiz deniz manzaras\u0131n\u0131n da tad\u0131n\u0131 \u00e7\u0131kard\u0131. \u00d6\u011frencileri ziyaret eden Belediye Ba\u015fkan Vekili Seyfi Seyhan Suvari\u2019ye Karde\u015f \u015eehir Marl Belediye Ba\u015fkan\u0131 Werner Arndt e\u015flik etti.<\/p>\n<p>Yemek boyunca t\u00fcm karde\u015f \u015fehir kat\u0131l\u0131mc\u0131lar\u0131 ile sohbet ederek Ku\u015fadas\u0131 hakk\u0131nda bilgiler veren Belediye Ba\u015fkan Vekili Seyfi Seyhan Suvari, &#8220;Ku\u015fadas\u0131 bir d\u00fcnya kenti. Bug\u00fcn Avrupa\u2019n\u0131n de\u011fi\u015fik kentlerinden gelen \u00f6\u011frencilerimizi a\u011f\u0131rl\u0131yoruz. Buraya gelen t\u00fcm \u00f6\u011frenciler birbirleri ile arkada\u015fl\u0131k ba\u011flar\u0131 kurdular. Ku\u015fadas\u0131 Belediyesi olarak bir yandan d\u00fcnya bar\u0131\u015f\u0131 i\u00e7in farkl\u0131 k\u00fclt\u00fcrlerin birbirlerini anlamas\u0131na vesile olurken bir yandan da burada yap\u0131lan etkinlikler ve g\u00f6r\u00fclen tarihi ve k\u00fclt\u00fcrel yerlerle Ku\u015fadas\u0131 ve T\u00fcrk k\u00fclt\u00fcr\u00fcn\u00fc daha yak\u0131ndan tan\u0131t\u0131yoruz. Karde\u015f kentlerimizle bu ili\u015fkilerimizi devam ettirece\u011fiz ve umuyorum ki ileride \u00c7in\u2019den, Japonya\u2019dan, hatta okyanus \u00f6tesi Amerika\u2019dan karde\u015f kentler Ku\u015fadas\u0131\u2019na gelecek&#8221; dedi.<\/p>\n<p>Rotada bulunan t\u00fcm noktalarda \u00f6\u011frencilere e\u015flik eden Ku\u015fadas\u0131 Belediyesi K\u00fclt\u00fcr ve Sanat \u0130\u015fleri M\u00fcd\u00fcrl\u00fc\u011f\u00fc \u00e7al\u0131\u015fan\u0131, sanat tarih\u00e7i Umut Karda\u015flar, \u00f6\u011frencilere gezilen yerler ve kent hakk\u0131nda \u00f6nemli bilgiler verdi. Karde\u015f \u015eehirlerden gelen \u00f6\u011frenciler, burada tan\u0131\u015ft\u0131klar\u0131 arkada\u015flar\u0131 ile \u00e7ok iyi anla\u015ft\u0131klar\u0131n belirterek kurduklar\u0131 g\u00fc\u00e7l\u00fc ba\u011flar\u0131 s\u00fcrd\u00fcrmek istediklerini s\u00f6yledi.<br \/><\/p>\n","protected":false},"excerpt":{"rendered":"<p>Ku\u015fadas\u0131 Karde\u015f \u015eehirler Gen\u00e7lik Toplant\u0131s\u0131\u2019n\u0131n 4. g\u00fcn\u00fcnde, T\u00fcrkiye dahil 8 \u00fclkeden gelen 15-18 ya\u015f aras\u0131 \u00f6\u011frenciler, kentin k\u00fclt\u00fcrel ve tarihi rotalar\u0131n\u0131 gezdi. Program boyunca Ku\u015fadas\u0131\u2019n\u0131 yak\u0131ndan tan\u0131y\u0131p, tarihte yolculu\u011fa \u00e7\u0131kan gen\u00e7ler, olduk\u00e7a keyifli vakit ge\u00e7irdi. Gezi rotalar\u0131na KUAKMER\u2019den ba\u015flayan grup, \u00c7al\u0131ku\u015fu K\u00fclt\u00fcr Evi, Mineral ve Fosil M\u00fczesi, SEYAKMER, Necati Korkmaz Mikro Minyat\u00fcr Sergi Alan\u0131 ve&#8230;<\/p>\n","protected":false},"author":1,"featured_media":60588,"comment_status":"open","ping_status":"open","sticky":false,"template":"","format":"standard","meta":{"_crdt_document":"","footnotes":""},"categories":[1],"tags":[],"class_list":["post-60587","post","type-post","status-publish","format-standard","has-post-thumbnail","hentry","category-guncel"],"_links":{"self":[{"href":"https:\/\/www.egemtv.com\/index.php?rest_route=\/wp\/v2\/posts\/60587","targetHints":{"allow":["GET"]}}],"collection":[{"href":"https:\/\/www.egemtv.com\/index.php?rest_route=\/wp\/v2\/posts"}],"about":[{"href":"https:\/\/www.egemtv.com\/index.php?rest_route=\/wp\/v2\/types\/post"}],"author":[{"embeddable":true,"href":"https:\/\/www.egemtv.com\/index.php?rest_route=\/wp\/v2\/users\/1"}],"replies":[{"embeddable":true,"href":"https:\/\/www.egemtv.com\/index.php?rest_route=%2Fwp%2Fv2%2Fcomments&post=60587"}],"version-history":[{"count":1,"href":"https:\/\/www.egemtv.com\/index.php?rest_route=\/wp\/v2\/posts\/60587\/revisions"}],"predecessor-version":[{"id":60589,"href":"https:\/\/www.egemtv.com\/index.php?rest_route=\/wp\/v2\/posts\/60587\/revisions\/60589"}],"wp:featuredmedia":[{"embeddable":true,"href":"https:\/\/www.egemtv.com\/index.php?rest_route=\/wp\/v2\/media\/60588"}],"wp:attachment":[{"href":"https:\/\/www.egemtv.com\/index.php?rest_route=%2Fwp%2Fv2%2Fmedia&parent=60587"}],"wp:term":[{"taxonomy":"category","embeddable":true,"href":"https:\/\/www.egemtv.com\/index.php?rest_route=%2Fwp%2Fv2%2Fcategories&post=60587"},{"taxonomy":"post_tag","embeddable":true,"href":"https:\/\/www.egemtv.com\/index.php?rest_route=%2Fwp%2Fv2%2Ftags&post=60587"}],"curies":[{"name":"wp","href":"https:\/\/api.w.org\/{rel}","templated":true}]}}