{"id":60584,"date":"2025-10-10T15:15:06","date_gmt":"2025-10-10T12:15:06","guid":{"rendered":"https:\/\/www.egemtv.com\/?p=60584"},"modified":"2025-10-10T15:15:07","modified_gmt":"2025-10-10T12:15:07","slug":"usakta-hakkinda-kesinlesmis-hapis-cezasi-bulunan-130-kisi-yakalandi","status":"publish","type":"post","link":"https:\/\/www.egemtv.com\/?p=60584","title":{"rendered":"U\u015fak\u2019ta hakk\u0131nda kesinle\u015fmi\u015f hapis cezas\u0131 bulunan 130 ki\u015fi yakaland\u0131"},"content":{"rendered":"<p>U\u015fak Valisi Naci Akta\u015f, G\u00fcvenlik ve Asayi\u015f Bilgilendirme toplant\u0131s\u0131nda, 1 Eyl\u00fcl ile 30 Eyl\u00fcl tarihleri aras\u0131ndaki asayi\u015f, ter\u00f6r, ka\u00e7ak\u00e7\u0131l\u0131k ve organize su\u00e7lar, g\u00f6\u00e7men ka\u00e7ak\u00e7\u0131l\u0131\u011f\u0131, siber ile trafik konular\u0131 hakk\u0131nda detayl\u0131 bilgiler verdi.<\/p>\n<p>U\u015fak Valisi Naci Akta\u015f, valilik binas\u0131nda d\u00fczenledi\u011fi bas\u0131n toplant\u0131s\u0131nda il genelindeki g\u00fcvenlik de\u011ferlendirme verilerini vatanda\u015flar ile payla\u015ft\u0131. \u0130l Emniyet M\u00fcd\u00fcr\u00fc Taner \u00c7ift\u00e7i ve \u0130l Jandarma Komutan\u0131 K\u0131demli Albay \u00d6zg\u00fcr K\u0131l\u0131\u00e7 ile birlikte U\u015fak\u2019taki kentteki g\u00fcvenlik konular\u0131 hakk\u0131nda bilgi aktaran Vali Akta\u015f, asayi\u015f, ter\u00f6r, ka\u00e7ak\u00e7\u0131l\u0131k ve organize su\u00e7lar, g\u00f6\u00e7men ka\u00e7ak\u00e7\u0131l\u0131\u011f\u0131, siber ile trafik konular\u0131na de\u011findi.<\/p>\n<p>1 Eyl\u00fcl-30 Eyl\u00fcl 2025 tarihleri aras\u0131nda ki\u015filere kar\u015f\u0131 i\u015flenen su\u00e7larda 337 ve mal varl\u0131\u011f\u0131na kar\u015f\u0131 i\u015flenen su\u00e7larda ise 45 olay meydana geldi. Bu olaylarda ayd\u0131nlatma oranlar\u0131 ki\u015filere kar\u015f\u0131 i\u015flenen su\u00e7larda y\u00fczde 99,7 olurken, mal varl\u0131\u011f\u0131na kar\u015f\u0131 i\u015flenen su\u00e7larda ise y\u00fczde 77,8 oldu. Bu \u00e7al\u0131\u015fmalar neticesinde kesinle\u015fmi\u015f hapis cezas\u0131 olan 130 aranan ki\u015fi yakalan\u0131rken, ifade i\u00e7in aranan 303 \u015fah\u0131s hakk\u0131nda i\u015flem yap\u0131ld\u0131\u011f\u0131n\u0131 belirtti. Yakalanan \u015fah\u0131slardan 0 ile 5 y\u0131l aras\u0131 kesinle\u015fmi\u015f cezas\u0131 olanlar\u0131n say\u0131s\u0131 115 \u015fah\u0131s olurken, 5 ile 10 y\u0131l aras\u0131 10 \u015fah\u0131s ve 10 y\u0131l ve \u00fczeri kesinle\u015fmi\u015f hapis cezas\u0131 bulunan 5 \u015fahs\u0131n oldu\u011fu belirtti.<\/p>\n<p>Eyl\u00fcl ay\u0131nda ruhsats\u0131z silah ve silah ka\u00e7ak\u00e7\u0131l\u0131\u011f\u0131na y\u00f6nelik yap\u0131lan operasyonlarda 6 kurus\u0131k\u0131 tabanca, 12 tabanca ve 12 av t\u00fcfe\u011fi olmak \u00fczere toplam 30 silah ele ge\u00e7irildi, ele ge\u00e7irilen silahlarla ilgili 40 \u015f\u00fcpheli \u015fah\u0131s hakk\u0131nda i\u015flem yap\u0131ld\u0131.<\/p>\n<p>U\u015fak\u2019ta 57 bin 461 ara\u00e7 sorguland\u0131<br \/>\n<br \/>Vali Akta\u015f, sorgulanan ara\u00e7lar hakk\u0131nda bilgi vererek, toplamda 57 bin 461 ara\u00e7 sorguland\u0131\u011f\u0131n\u0131, bu ara\u00e7lardan 9 bin 110 araca i\u015flem yap\u0131ld\u0131\u011f\u0131n\u0131 belirtti. Vali Akta\u015f, yap\u0131lan denetimler kapsam\u0131nda 146 adet ticari taksi denetimi ve 776 adet servis arac\u0131na denetim yap\u0131ld\u0131\u011f\u0131n\u0131 s\u00f6yleyerek bu kapsamda ticari taksilerde 26 araca, servis ara\u00e7lar\u0131nda ise 37 araca i\u015flem yap\u0131ld\u0131\u011f\u0131n\u0131 belirtti.<\/p>\n<p>Uyu\u015fturucu operasyonlar\u0131nda 24 ki\u015fi tutukland\u0131<br \/>\n<br \/>Uyu\u015fturucu ile m\u00fccadele \u00e7al\u0131\u015fmalar\u0131 kapsam\u0131nda \u0130mal, ticaret ve kullan\u0131c\u0131larla m\u00fccadele ba\u015fta olmak \u00fczere 2 koldan \u00e7al\u0131\u015fma y\u00fcr\u00fctt\u00fcklerini s\u00f6yleyen Vali Akta\u015f, Uyu\u015fturucu imal ve ticaret konusunda 31 operasyon yapt\u0131k. Kullan\u0131c\u0131lar ile ilgili olaylar\u0131n say\u0131s\u0131 ise 41 oldu. Bu operasyonlarda 424 gram esrar, 70 gram metamfetamin, 66 gram bonzai, 1 bin 662 adet sentetik ecza ve 735 adet ecstasy hap yakaland\u0131. Operasyonlar neticesinde yakalanan \u015f\u00fcpheli \u015fah\u0131slardan 24 ki\u015fi tutuklan\u0131rken, 69 ki\u015fi ise adli kontrol \u015fart\u0131yla serbest b\u0131rak\u0131ld\u0131\u011f\u0131n\u0131 s\u00f6yledi.<br \/>\n<br \/>Toplanan hi\u00e7bir k\u00f6pe\u011fe \u00f6tanazi yap\u0131lmad\u0131\u011f\u0131 aktaran Vali Akta\u015f; &#8220;1 Mart\u2019tan bu yana 3 bin 750 sahipsiz k\u00f6pek sokaklardan topland\u0131. Bu toplad\u0131\u011f\u0131m\u0131z hayvanlar\u0131n 1600\u2019\u00fcn\u00fc k\u0131s\u0131rla\u015ft\u0131rd\u0131k, 1600\u2019\u00fcne a\u015f\u0131 yapt\u0131k. 175 k\u00f6pek sahiplendirildi. Toplad\u0131\u011f\u0131m\u0131z hayvanlar\u0131n hi\u00e7birine \u00f6tenazi yapmad\u0131k. S\u0131f\u0131r \u00f6tenazi. Bunun haricinde k\u00f6ylerde fiiliyatta sahipli olup, resmiyete sahibi olmayan k\u00f6pekleri \u0130l Tar\u0131m ve Orman M\u00fcd\u00fcrl\u00fc\u011f\u00fc\u2019nce tespit ettik. Bu \u015fekilde tespit etti\u011fimiz 850 k\u00f6pe\u011fi \u00e7iplendirmek suretiyle resmi anlamda sahiplendirdik. Bug\u00fcn itibariyle kent genelinde y\u00fczde 93 oran\u0131nda toplama, \u00e7iplendirme ve sahiplendirme i\u015flemleri yap\u0131ld\u0131. \u0130l genelinde 500 ile 1000 aras\u0131nda sahipsiz sokak k\u00f6pe\u011fi kald\u0131\u011f\u0131n\u0131 de\u011ferlendiriyoruz. \u0130n\u015fallah onu da y\u00fczde 100\u2019e ula\u015ft\u0131raca\u011f\u0131z. \u0130nan\u0131yorum ki, y\u0131l sonuna kadar bu konu ilimizin g\u00fcndeminden kalkacak&#8221; dedi.<br \/><\/p>\n","protected":false},"excerpt":{"rendered":"<p>U\u015fak Valisi Naci Akta\u015f, G\u00fcvenlik ve Asayi\u015f Bilgilendirme toplant\u0131s\u0131nda, 1 Eyl\u00fcl ile 30 Eyl\u00fcl tarihleri aras\u0131ndaki asayi\u015f, ter\u00f6r, ka\u00e7ak\u00e7\u0131l\u0131k ve organize su\u00e7lar, g\u00f6\u00e7men ka\u00e7ak\u00e7\u0131l\u0131\u011f\u0131, siber ile trafik konular\u0131 hakk\u0131nda detayl\u0131 bilgiler verdi. U\u015fak Valisi Naci Akta\u015f, valilik binas\u0131nda d\u00fczenledi\u011fi bas\u0131n toplant\u0131s\u0131nda il genelindeki g\u00fcvenlik de\u011ferlendirme verilerini vatanda\u015flar ile payla\u015ft\u0131. \u0130l Emniyet M\u00fcd\u00fcr\u00fc Taner \u00c7ift\u00e7i ve&#8230;<\/p>\n","protected":false},"author":1,"featured_media":60585,"comment_status":"open","ping_status":"open","sticky":false,"template":"","format":"standard","meta":{"_crdt_document":"","footnotes":""},"categories":[5],"tags":[],"class_list":["post-60584","post","type-post","status-publish","format-standard","has-post-thumbnail","hentry","category-asayis"],"_links":{"self":[{"href":"https:\/\/www.egemtv.com\/index.php?rest_route=\/wp\/v2\/posts\/60584","targetHints":{"allow":["GET"]}}],"collection":[{"href":"https:\/\/www.egemtv.com\/index.php?rest_route=\/wp\/v2\/posts"}],"about":[{"href":"https:\/\/www.egemtv.com\/index.php?rest_route=\/wp\/v2\/types\/post"}],"author":[{"embeddable":true,"href":"https:\/\/www.egemtv.com\/index.php?rest_route=\/wp\/v2\/users\/1"}],"replies":[{"embeddable":true,"href":"https:\/\/www.egemtv.com\/index.php?rest_route=%2Fwp%2Fv2%2Fcomments&post=60584"}],"version-history":[{"count":1,"href":"https:\/\/www.egemtv.com\/index.php?rest_route=\/wp\/v2\/posts\/60584\/revisions"}],"predecessor-version":[{"id":60586,"href":"https:\/\/www.egemtv.com\/index.php?rest_route=\/wp\/v2\/posts\/60584\/revisions\/60586"}],"wp:featuredmedia":[{"embeddable":true,"href":"https:\/\/www.egemtv.com\/index.php?rest_route=\/wp\/v2\/media\/60585"}],"wp:attachment":[{"href":"https:\/\/www.egemtv.com\/index.php?rest_route=%2Fwp%2Fv2%2Fmedia&parent=60584"}],"wp:term":[{"taxonomy":"category","embeddable":true,"href":"https:\/\/www.egemtv.com\/index.php?rest_route=%2Fwp%2Fv2%2Fcategories&post=60584"},{"taxonomy":"post_tag","embeddable":true,"href":"https:\/\/www.egemtv.com\/index.php?rest_route=%2Fwp%2Fv2%2Ftags&post=60584"}],"curies":[{"name":"wp","href":"https:\/\/api.w.org\/{rel}","templated":true}]}}