{"id":60575,"date":"2025-10-10T15:15:01","date_gmt":"2025-10-10T12:15:01","guid":{"rendered":"https:\/\/www.egemtv.com\/?p=60575"},"modified":"2025-10-10T15:15:03","modified_gmt":"2025-10-10T12:15:03","slug":"sobadan-zehirlenen-anne-ve-kizi-son-yolculuklarina-ugurlandi","status":"publish","type":"post","link":"https:\/\/www.egemtv.com\/?p=60575","title":{"rendered":"Sobadan zehirlenen anne ve k\u0131z\u0131 son yolculuklar\u0131na u\u011furland\u0131"},"content":{"rendered":"<p>Denizli\u2019de sobadan s\u0131zan karbonmonoksit gaz\u0131ndan zehirlenerek hayat\u0131n\u0131 kaybeden 94 ya\u015f\u0131ndaki anne ve \u00f6zel birey k\u0131z\u0131, son yolculuklar\u0131na u\u011furland\u0131.<\/p>\n<p>Ac\u0131payam il\u00e7esi Akalan Mahallesi\u2019nde meydana gelen olayda; 94 ya\u015f\u0131ndaki \u0130smahan (Durkad\u0131n) Kandemir ile 54 ya\u015f\u0131ndaki \u00f6zel birey k\u0131z\u0131 G\u00fclbahar Kandemir, sabah \u0131s\u0131nmak i\u00e7in yakt\u0131klar\u0131 sobadan s\u0131zan karbonmonoksit gaz\u0131ndan zehirlendi. Anne ve k\u0131zdan haber alamayan kom\u015fular\u0131, \u00f6\u011fle saatlerinde eve gittiklerinde her ikisini de yerde hareketsiz halde buldu. Kom\u015fular\u0131n 112 Acil \u00c7a\u011fr\u0131 Merkezine ihbar\u0131 \u00fczerine b\u00f6lgeye sa\u011fl\u0131k ve jandarma ekipleri sevk edildi.<\/p>\n<p>B\u00f6lgeye gelen sa\u011fl\u0131k ekiplerinin kontrollerinin ard\u0131ndan \u0130smahan Kandemir ile k\u0131z\u0131 G\u00fclbahar Kandemir\u2019in olay yerinde hayat\u0131n\u0131 kaybetti\u011fi belirlendi. Otopsi yap\u0131lmak \u00fczere morga kald\u0131r\u0131lan anne ve k\u0131z\u0131 i\u00e7in bug\u00fcn cenaze t\u00f6reni d\u00fczenlendi. Anne ve k\u0131z\u0131 Akalan Mahalle Camisinde cuma namaz\u0131na m\u00fcteakip k\u0131l\u0131nan cenaze namazlar\u0131n\u0131n ard\u0131ndan mahalle mezarl\u0131\u011f\u0131nda topra\u011fa verildi.<br \/><\/p>\n","protected":false},"excerpt":{"rendered":"<p>Denizli\u2019de sobadan s\u0131zan karbonmonoksit gaz\u0131ndan zehirlenerek hayat\u0131n\u0131 kaybeden 94 ya\u015f\u0131ndaki anne ve \u00f6zel birey k\u0131z\u0131, son yolculuklar\u0131na u\u011furland\u0131. Ac\u0131payam il\u00e7esi Akalan Mahallesi\u2019nde meydana gelen olayda; 94 ya\u015f\u0131ndaki \u0130smahan (Durkad\u0131n) Kandemir ile 54 ya\u015f\u0131ndaki \u00f6zel birey k\u0131z\u0131 G\u00fclbahar Kandemir, sabah \u0131s\u0131nmak i\u00e7in yakt\u0131klar\u0131 sobadan s\u0131zan karbonmonoksit gaz\u0131ndan zehirlendi. Anne ve k\u0131zdan haber alamayan kom\u015fular\u0131, \u00f6\u011fle saatlerinde&#8230;<\/p>\n","protected":false},"author":1,"featured_media":60576,"comment_status":"open","ping_status":"open","sticky":false,"template":"","format":"standard","meta":{"_crdt_document":"","footnotes":""},"categories":[5],"tags":[],"class_list":["post-60575","post","type-post","status-publish","format-standard","has-post-thumbnail","hentry","category-asayis"],"_links":{"self":[{"href":"https:\/\/www.egemtv.com\/index.php?rest_route=\/wp\/v2\/posts\/60575","targetHints":{"allow":["GET"]}}],"collection":[{"href":"https:\/\/www.egemtv.com\/index.php?rest_route=\/wp\/v2\/posts"}],"about":[{"href":"https:\/\/www.egemtv.com\/index.php?rest_route=\/wp\/v2\/types\/post"}],"author":[{"embeddable":true,"href":"https:\/\/www.egemtv.com\/index.php?rest_route=\/wp\/v2\/users\/1"}],"replies":[{"embeddable":true,"href":"https:\/\/www.egemtv.com\/index.php?rest_route=%2Fwp%2Fv2%2Fcomments&post=60575"}],"version-history":[{"count":1,"href":"https:\/\/www.egemtv.com\/index.php?rest_route=\/wp\/v2\/posts\/60575\/revisions"}],"predecessor-version":[{"id":60577,"href":"https:\/\/www.egemtv.com\/index.php?rest_route=\/wp\/v2\/posts\/60575\/revisions\/60577"}],"wp:featuredmedia":[{"embeddable":true,"href":"https:\/\/www.egemtv.com\/index.php?rest_route=\/wp\/v2\/media\/60576"}],"wp:attachment":[{"href":"https:\/\/www.egemtv.com\/index.php?rest_route=%2Fwp%2Fv2%2Fmedia&parent=60575"}],"wp:term":[{"taxonomy":"category","embeddable":true,"href":"https:\/\/www.egemtv.com\/index.php?rest_route=%2Fwp%2Fv2%2Fcategories&post=60575"},{"taxonomy":"post_tag","embeddable":true,"href":"https:\/\/www.egemtv.com\/index.php?rest_route=%2Fwp%2Fv2%2Ftags&post=60575"}],"curies":[{"name":"wp","href":"https:\/\/api.w.org\/{rel}","templated":true}]}}