{"id":60572,"date":"2025-10-10T14:55:40","date_gmt":"2025-10-10T11:55:40","guid":{"rendered":"https:\/\/www.egemtv.com\/?p=60572"},"modified":"2025-10-10T14:55:41","modified_gmt":"2025-10-10T11:55:41","slug":"usak-jandarmasindan-uyusturucu-operasyonu","status":"publish","type":"post","link":"https:\/\/www.egemtv.com\/?p=60572","title":{"rendered":"U\u015fak jandarmas\u0131ndan uyu\u015fturucu operasyonu"},"content":{"rendered":"<p>U\u015fak \u0130l Jandarma Komutanl\u0131\u011f\u0131 ekipleri, Banaz il\u00e7esinde d\u00fczenledi\u011fi operasyonda uyu\u015fturucu madde ele ge\u00e7irdi.<br \/>\n<br \/>Edinilen bilgiler \u00e7er\u00e7evesinde, U\u015fak \u0130l Jandarma Komutanl\u0131\u011f\u0131 ekipleri Banaz il\u00e7esinde M.A.S. (23) isimli \u015f\u00fcphelinin ikametinde ve ba\u011f evinde operasyon d\u00fczenledi. Operasyonda kapsam\u0131nda yap\u0131lan aramalarda 828 gram kubar esrar, 1 adet ruhsats\u0131z av t\u00fcfe\u011fi ve 1 adet uyu\u015fturucu madde kullanma aparat\u0131 ele ge\u00e7irildi.<br \/>\n<br \/>U\u015fak \u0130l Jandarma Komutanl\u0131\u011f\u0131 ekipleri taraf\u0131ndan g\u00f6zalt\u0131na al\u0131nan \u015f\u00fcpheli, jandarmadaki i\u015flemlerin ard\u0131ndan adliyeye sevk edildi. \u00c7\u0131kar\u0131ld\u0131\u011f\u0131 mahkemece tutuklanan M.A.S. cezaevine g\u00f6nderildi.<br \/><\/p>\n","protected":false},"excerpt":{"rendered":"<p>U\u015fak \u0130l Jandarma Komutanl\u0131\u011f\u0131 ekipleri, Banaz il\u00e7esinde d\u00fczenledi\u011fi operasyonda uyu\u015fturucu madde ele ge\u00e7irdi. Edinilen bilgiler \u00e7er\u00e7evesinde, U\u015fak \u0130l Jandarma Komutanl\u0131\u011f\u0131 ekipleri Banaz il\u00e7esinde M.A.S. (23) isimli \u015f\u00fcphelinin ikametinde ve ba\u011f evinde operasyon d\u00fczenledi. Operasyonda kapsam\u0131nda yap\u0131lan aramalarda 828 gram kubar esrar, 1 adet ruhsats\u0131z av t\u00fcfe\u011fi ve 1 adet uyu\u015fturucu madde kullanma aparat\u0131 ele ge\u00e7irildi&#8230;.<\/p>\n","protected":false},"author":1,"featured_media":60573,"comment_status":"open","ping_status":"open","sticky":false,"template":"","format":"standard","meta":{"_crdt_document":"","footnotes":""},"categories":[5],"tags":[],"class_list":["post-60572","post","type-post","status-publish","format-standard","has-post-thumbnail","hentry","category-asayis"],"_links":{"self":[{"href":"https:\/\/www.egemtv.com\/index.php?rest_route=\/wp\/v2\/posts\/60572","targetHints":{"allow":["GET"]}}],"collection":[{"href":"https:\/\/www.egemtv.com\/index.php?rest_route=\/wp\/v2\/posts"}],"about":[{"href":"https:\/\/www.egemtv.com\/index.php?rest_route=\/wp\/v2\/types\/post"}],"author":[{"embeddable":true,"href":"https:\/\/www.egemtv.com\/index.php?rest_route=\/wp\/v2\/users\/1"}],"replies":[{"embeddable":true,"href":"https:\/\/www.egemtv.com\/index.php?rest_route=%2Fwp%2Fv2%2Fcomments&post=60572"}],"version-history":[{"count":1,"href":"https:\/\/www.egemtv.com\/index.php?rest_route=\/wp\/v2\/posts\/60572\/revisions"}],"predecessor-version":[{"id":60574,"href":"https:\/\/www.egemtv.com\/index.php?rest_route=\/wp\/v2\/posts\/60572\/revisions\/60574"}],"wp:featuredmedia":[{"embeddable":true,"href":"https:\/\/www.egemtv.com\/index.php?rest_route=\/wp\/v2\/media\/60573"}],"wp:attachment":[{"href":"https:\/\/www.egemtv.com\/index.php?rest_route=%2Fwp%2Fv2%2Fmedia&parent=60572"}],"wp:term":[{"taxonomy":"category","embeddable":true,"href":"https:\/\/www.egemtv.com\/index.php?rest_route=%2Fwp%2Fv2%2Fcategories&post=60572"},{"taxonomy":"post_tag","embeddable":true,"href":"https:\/\/www.egemtv.com\/index.php?rest_route=%2Fwp%2Fv2%2Ftags&post=60572"}],"curies":[{"name":"wp","href":"https:\/\/api.w.org\/{rel}","templated":true}]}}