{"id":60569,"date":"2025-10-10T14:55:38","date_gmt":"2025-10-10T11:55:38","guid":{"rendered":"https:\/\/www.egemtv.com\/?p=60569"},"modified":"2025-10-10T14:55:39","modified_gmt":"2025-10-10T11:55:39","slug":"honaz-dagi-milli-parkinda-yanan-alanlar-yesillendiriliyor","status":"publish","type":"post","link":"https:\/\/www.egemtv.com\/?p=60569","title":{"rendered":"Honaz Da\u011f\u0131 Milli Park\u0131nda yanan alanlar ye\u015fillendiriliyor"},"content":{"rendered":"<p>DEN\u0130ZL\u0130 (\u0130HA) \u2013 Denizli\u2019de ge\u00e7ti\u011fimiz A\u011fustos ay\u0131nda \u00e7\u0131kan orman yang\u0131n\u0131nda y\u00fczlerce hektar alan\u0131n zarar g\u00f6rd\u00fc\u011f\u00fc Cankurtaran Mahallesi Honaz Da\u011f\u0131 Milli Park\u0131nda yeniden a\u011fa\u00e7land\u0131rma \u00e7al\u0131\u015fmalar\u0131 devam ediyor.<\/p>\n<p>Cankurtaran Mahallesi Honaz Da\u011f\u0131 Milli Park\u0131nda 23 A\u011fustos\u2019ta ba\u015flayan ve y\u00fczlerce hektar arazinin zarar g\u00f6rd\u00fc\u011f\u00fc b\u00f6lgede yeniden a\u011fa\u00e7land\u0131rma \u00e7al\u0131\u015fmalar\u0131 devam ediyor. Denizli Orman B\u00f6lge M\u00fcd\u00fcr\u00fc Ahmet K\u00f6le, Cankurtaran Mahallesi Honaz Da\u011f\u0131 Milli Park\u0131nda yang\u0131n sonras\u0131 kesintisiz devam eden yeniden do\u011faya kazand\u0131rma \u00e7al\u0131\u015fmalar\u0131n\u0131 yerinde inceledi. Denizli Orman \u0130\u015fletme M\u00fcd\u00fcr\u00fc Tamer Uysal ve teknik personelden y\u00fcr\u00fct\u00fclen \u00e7al\u0131\u015fmalar hakk\u0131nda bilgiler alan B\u00f6lge M\u00fcd\u00fcr\u00fc K\u00f6le, sonras\u0131nda yan\u0131k sahan\u0131n temizleme \u00e7al\u0131\u015fmalar\u0131nda \u00e7al\u0131\u015fan vatanda\u015flarla g\u00f6r\u00fc\u015ft\u00fc.<\/p>\n<p>Yang\u0131ndan zarar g\u00f6ren alanda a\u011fa\u00e7lar\u0131n kesimi ve i\u015f makineleriyle arazi d\u00fczenleme i\u015flemlerinin yap\u0131ld\u0131\u011f\u0131n\u0131 ifade eden Orman B\u00f6lge M\u00fcd\u00fcr\u00fc Ahmet K\u00f6le, d\u00fczenleme ve yeniden a\u011fa\u00e7land\u0131rma \u00e7al\u0131\u015fmalar\u0131 kapsam\u0131nda b\u00f6lgeye yakla\u015f\u0131k 2 milyon 500 bin fidan dikilece\u011fini kaydetti.<br \/><\/p>\n","protected":false},"excerpt":{"rendered":"<p>DEN\u0130ZL\u0130 (\u0130HA) \u2013 Denizli\u2019de ge\u00e7ti\u011fimiz A\u011fustos ay\u0131nda \u00e7\u0131kan orman yang\u0131n\u0131nda y\u00fczlerce hektar alan\u0131n zarar g\u00f6rd\u00fc\u011f\u00fc Cankurtaran Mahallesi Honaz Da\u011f\u0131 Milli Park\u0131nda yeniden a\u011fa\u00e7land\u0131rma \u00e7al\u0131\u015fmalar\u0131 devam ediyor. Cankurtaran Mahallesi Honaz Da\u011f\u0131 Milli Park\u0131nda 23 A\u011fustos\u2019ta ba\u015flayan ve y\u00fczlerce hektar arazinin zarar g\u00f6rd\u00fc\u011f\u00fc b\u00f6lgede yeniden a\u011fa\u00e7land\u0131rma \u00e7al\u0131\u015fmalar\u0131 devam ediyor. Denizli Orman B\u00f6lge M\u00fcd\u00fcr\u00fc Ahmet K\u00f6le, Cankurtaran Mahallesi&#8230;<\/p>\n","protected":false},"author":1,"featured_media":60570,"comment_status":"open","ping_status":"open","sticky":false,"template":"","format":"standard","meta":{"_crdt_document":"","footnotes":""},"categories":[1],"tags":[],"class_list":["post-60569","post","type-post","status-publish","format-standard","has-post-thumbnail","hentry","category-guncel"],"_links":{"self":[{"href":"https:\/\/www.egemtv.com\/index.php?rest_route=\/wp\/v2\/posts\/60569","targetHints":{"allow":["GET"]}}],"collection":[{"href":"https:\/\/www.egemtv.com\/index.php?rest_route=\/wp\/v2\/posts"}],"about":[{"href":"https:\/\/www.egemtv.com\/index.php?rest_route=\/wp\/v2\/types\/post"}],"author":[{"embeddable":true,"href":"https:\/\/www.egemtv.com\/index.php?rest_route=\/wp\/v2\/users\/1"}],"replies":[{"embeddable":true,"href":"https:\/\/www.egemtv.com\/index.php?rest_route=%2Fwp%2Fv2%2Fcomments&post=60569"}],"version-history":[{"count":1,"href":"https:\/\/www.egemtv.com\/index.php?rest_route=\/wp\/v2\/posts\/60569\/revisions"}],"predecessor-version":[{"id":60571,"href":"https:\/\/www.egemtv.com\/index.php?rest_route=\/wp\/v2\/posts\/60569\/revisions\/60571"}],"wp:featuredmedia":[{"embeddable":true,"href":"https:\/\/www.egemtv.com\/index.php?rest_route=\/wp\/v2\/media\/60570"}],"wp:attachment":[{"href":"https:\/\/www.egemtv.com\/index.php?rest_route=%2Fwp%2Fv2%2Fmedia&parent=60569"}],"wp:term":[{"taxonomy":"category","embeddable":true,"href":"https:\/\/www.egemtv.com\/index.php?rest_route=%2Fwp%2Fv2%2Fcategories&post=60569"},{"taxonomy":"post_tag","embeddable":true,"href":"https:\/\/www.egemtv.com\/index.php?rest_route=%2Fwp%2Fv2%2Ftags&post=60569"}],"curies":[{"name":"wp","href":"https:\/\/api.w.org\/{rel}","templated":true}]}}