{"id":60566,"date":"2025-10-10T14:14:49","date_gmt":"2025-10-10T11:14:49","guid":{"rendered":"https:\/\/www.egemtv.com\/?p=60566"},"modified":"2025-10-10T14:14:50","modified_gmt":"2025-10-10T11:14:50","slug":"usak-universitesi-ogrencisi-sila-karadag-yokak-ogrenci-komisyonu-uyeligine-secildi","status":"publish","type":"post","link":"https:\/\/www.egemtv.com\/?p=60566","title":{"rendered":"U\u015fak \u00dcniversitesi \u00f6\u011frencisi S\u0131la Karada\u011f, Y\u00d6KAK \u00d6\u011frenci Komisyonu \u00fcyeli\u011fine se\u00e7ildi"},"content":{"rendered":"<p>U\u015fak \u00dcniversitesi \u0130ktisadi ve \u0130dari Bilimler Fak\u00fcltesi Kamu Y\u00f6netimi B\u00f6l\u00fcm\u00fc 4. s\u0131n\u0131f \u00f6\u011frencisi S\u0131la Karada\u011f, Y\u00fcksek\u00f6\u011fretim Kalite Kurulu (Y\u00d6KAK) taraf\u0131ndan olu\u015fturulan Y\u00d6KAK \u00d6\u011frenci Komisyonuna \u00fcye olarak se\u00e7ildi.<\/p>\n<p>Y\u00d6KAK taraf\u0131ndan y\u00fcksek\u00f6\u011fretim alan\u0131nda ulusal ve uluslararas\u0131 d\u00fczeyde kalite k\u00fclt\u00fcr\u00fcn\u00fcn yayg\u0131nla\u015ft\u0131r\u0131lmas\u0131, kalite s\u00fcre\u00e7lerinin i\u00e7selle\u015ftirilmesi ve \u00f6\u011frencilerin kalite g\u00fcvencesi sistemine kat\u0131l\u0131mlar\u0131n\u0131n art\u0131r\u0131lmas\u0131 amac\u0131yla olu\u015fturulan Komisyon, T\u00fcrkiye\u2019nin farkl\u0131 \u00fcniversitelerinden se\u00e7ilen 11 \u00f6\u011frenci \u00fcye ile faaliyetlerini y\u00fcr\u00fct\u00fcyor.<\/p>\n<p>Rekt\u00f6r Prof. Dr. Ekrem Sava\u015f, Y\u00d6KAK \u00d6\u011frenci Komisyonu \u00fcyeli\u011fine se\u00e7ilen S\u0131la Karada\u011f\u2019\u0131 ve Kamu Y\u00f6netimi B\u00f6l\u00fcm Ba\u015fkan\u0131\/Rekt\u00f6r Dan\u0131\u015fman\u0131 Do\u00e7. Dr. Fulya Aky\u0131ld\u0131z\u2019\u0131 makam\u0131nda kabul ederek tebrik etti.<br \/>\n<br \/>Rekt\u00f6r Sava\u015f, S\u0131la Karada\u011f\u2019\u0131n Y\u00d6KAK \u00d6\u011frenci Komisyonu \u00fcyeli\u011finin yan\u0131 s\u0131ra akreditasyon de\u011ferlendirici e\u011fitimlerini ba\u015far\u0131yla tamamlayarak Y\u00d6KAK ve STAR (Sosyal Be\u015feri ve Temel Bilimler Akreditasyon ve Rating Derne\u011fi) akreditasyon de\u011ferlendirme tak\u0131mlar\u0131nda \u00f6\u011frenci de\u011ferlendiricisi olarak g\u00f6revlendirildi\u011fini belirtti. Prof. Dr. Sava\u015f, &#8220;Kalite g\u00fcvencesi sisteminde \u00f6\u011frenci kat\u0131l\u0131m\u0131, y\u00fcksek\u00f6\u011fretimde s\u00fcrd\u00fcr\u00fclebilir geli\u015fimin ve kurumsal olgunlu\u011fun en \u00f6nemli g\u00f6stergelerinden biridir. \u00d6\u011frencilerimizin bu s\u00fcre\u00e7lerde aktif rol almas\u0131 hem kalite k\u00fclt\u00fcr\u00fcn\u00fcn yayg\u0131nla\u015fmas\u0131na hem de kurumsal fark\u0131ndal\u0131\u011f\u0131n artmas\u0131na b\u00fcy\u00fck katk\u0131 sa\u011fl\u0131yor. \u00d6\u011frencimizin ulusal d\u00fczeyde b\u00f6yle \u00f6nemli bir sorumlulu\u011fu \u00fcstlenmesi bizleri gururland\u0131rd\u0131. Kendisini ve bu s\u00fcre\u00e7te \u00f6\u011frencilerimize rehberlik eden Kamu Y\u00f6netimi B\u00f6l\u00fcm Ba\u015fkan\u0131m\u0131z Do\u00e7. Dr. Fulya Aky\u0131ld\u0131z\u2019\u0131 tebrik ediyor, ba\u015far\u0131lar\u0131n\u0131n devam\u0131n\u0131 diliyorum.&#8221; dedi.<\/p>\n<p>Y\u00d6KAK taraf\u0131ndan 5 y\u0131ll\u0131k tam kurumsal akreditasyon almaya hak kazanan U\u015fak \u00dcniversitesi, T\u00fcrkiye\u2019nin kalite g\u00fcvencesi alan\u0131nda \u00f6nde gelen y\u00fcksek\u00f6\u011fretim kurumlar\u0131 aras\u0131nda yer al\u0131yor.<br \/>\n<br \/>\u00dcniversitenin 7 program\u0131 (Arkeoloji, Co\u011frafya, Matematik, Molek\u00fcler Biyoloji ve Genetik, Sanat Tarihi, Tarih, T\u00fcrk Dili ve Edebiyat\u0131) FEDEK, 3 program\u0131 (\u0130lk\u00f6\u011fretim Matematik \u00d6\u011fretmenli\u011fi, T\u00fcrk\u00e7e \u00d6\u011fretmenli\u011fi, Fen Bilgisi \u00d6\u011fretmenli\u011fi) EPDAD, 3 program\u0131 (Kamu Y\u00f6netimi, \u0130ktisat, \u0130\u015fletme) STAR, 1 program\u0131 (Turizm ve Seyahat Hizmetleri) ise TURAK taraf\u0131ndan akredite edilmi\u015f olup di\u011fer programlar\u0131n akreditasyon s\u00fcre\u00e7leri devam ediyor.<\/p>\n<p>Rekt\u00f6r Sava\u015f, akreditasyon ba\u015far\u0131s\u0131n\u0131n U\u015fak \u00dcniversitesi\u2019nin kurumsal kalite yakla\u015f\u0131m\u0131n\u0131n bir sonucu oldu\u011funu belirterek \u015funlar\u0131 s\u00f6yledi: &#8220;U\u015fak \u00dcniversitesi, kalite g\u00fcvence sistemini sadece bir belge veya de\u011ferlendirme s\u00fcreci olarak de\u011fil, bir y\u00f6netim k\u00fclt\u00fcr\u00fc olarak benimsemi\u015ftir. Her birimimizde kaliteyi bir de\u011fer olarak i\u00e7selle\u015ftiren akademik ve idari personelimizle birlikte, \u00f6\u011frencilerimizin aktif katk\u0131s\u0131yla s\u00fcrekli iyile\u015fmeyi esas al\u0131yoruz. Y\u00d6KAK\u2019tan tam akreditasyon alan \u00dcniversitemiz, art\u0131k T\u00fcrkiye\u2019nin \u00f6rnek g\u00f6sterilen kurumlar\u0131ndan biri haline gelmi\u015ftir. Bu ba\u015far\u0131, t\u00fcm \u00fcniversite ailesine aittir&#8221; dedi.<br \/><\/p>\n","protected":false},"excerpt":{"rendered":"<p>U\u015fak \u00dcniversitesi \u0130ktisadi ve \u0130dari Bilimler Fak\u00fcltesi Kamu Y\u00f6netimi B\u00f6l\u00fcm\u00fc 4. s\u0131n\u0131f \u00f6\u011frencisi S\u0131la Karada\u011f, Y\u00fcksek\u00f6\u011fretim Kalite Kurulu (Y\u00d6KAK) taraf\u0131ndan olu\u015fturulan Y\u00d6KAK \u00d6\u011frenci Komisyonuna \u00fcye olarak se\u00e7ildi. Y\u00d6KAK taraf\u0131ndan y\u00fcksek\u00f6\u011fretim alan\u0131nda ulusal ve uluslararas\u0131 d\u00fczeyde kalite k\u00fclt\u00fcr\u00fcn\u00fcn yayg\u0131nla\u015ft\u0131r\u0131lmas\u0131, kalite s\u00fcre\u00e7lerinin i\u00e7selle\u015ftirilmesi ve \u00f6\u011frencilerin kalite g\u00fcvencesi sistemine kat\u0131l\u0131mlar\u0131n\u0131n art\u0131r\u0131lmas\u0131 amac\u0131yla olu\u015fturulan Komisyon, T\u00fcrkiye\u2019nin farkl\u0131 \u00fcniversitelerinden se\u00e7ilen&#8230;<\/p>\n","protected":false},"author":1,"featured_media":60567,"comment_status":"open","ping_status":"open","sticky":false,"template":"","format":"standard","meta":{"_crdt_document":"","footnotes":""},"categories":[1],"tags":[],"class_list":["post-60566","post","type-post","status-publish","format-standard","has-post-thumbnail","hentry","category-guncel"],"_links":{"self":[{"href":"https:\/\/www.egemtv.com\/index.php?rest_route=\/wp\/v2\/posts\/60566","targetHints":{"allow":["GET"]}}],"collection":[{"href":"https:\/\/www.egemtv.com\/index.php?rest_route=\/wp\/v2\/posts"}],"about":[{"href":"https:\/\/www.egemtv.com\/index.php?rest_route=\/wp\/v2\/types\/post"}],"author":[{"embeddable":true,"href":"https:\/\/www.egemtv.com\/index.php?rest_route=\/wp\/v2\/users\/1"}],"replies":[{"embeddable":true,"href":"https:\/\/www.egemtv.com\/index.php?rest_route=%2Fwp%2Fv2%2Fcomments&post=60566"}],"version-history":[{"count":1,"href":"https:\/\/www.egemtv.com\/index.php?rest_route=\/wp\/v2\/posts\/60566\/revisions"}],"predecessor-version":[{"id":60568,"href":"https:\/\/www.egemtv.com\/index.php?rest_route=\/wp\/v2\/posts\/60566\/revisions\/60568"}],"wp:featuredmedia":[{"embeddable":true,"href":"https:\/\/www.egemtv.com\/index.php?rest_route=\/wp\/v2\/media\/60567"}],"wp:attachment":[{"href":"https:\/\/www.egemtv.com\/index.php?rest_route=%2Fwp%2Fv2%2Fmedia&parent=60566"}],"wp:term":[{"taxonomy":"category","embeddable":true,"href":"https:\/\/www.egemtv.com\/index.php?rest_route=%2Fwp%2Fv2%2Fcategories&post=60566"},{"taxonomy":"post_tag","embeddable":true,"href":"https:\/\/www.egemtv.com\/index.php?rest_route=%2Fwp%2Fv2%2Ftags&post=60566"}],"curies":[{"name":"wp","href":"https:\/\/api.w.org\/{rel}","templated":true}]}}