{"id":60545,"date":"2025-10-10T13:14:50","date_gmt":"2025-10-10T10:14:50","guid":{"rendered":"https:\/\/www.egemtv.com\/?p=60545"},"modified":"2025-10-10T13:14:51","modified_gmt":"2025-10-10T10:14:51","slug":"aydin-zeytincilikte-turkiyenin-zirvesinde","status":"publish","type":"post","link":"https:\/\/www.egemtv.com\/?p=60545","title":{"rendered":"Ayd\u0131n, zeytincilikte T\u00fcrkiye\u2019nin zirvesinde"},"content":{"rendered":"<p>\u00d6nemli tar\u0131m kentlerinden olan Ayd\u0131n, hem sofral\u0131k hem de ya\u011fl\u0131k zeytin \u00fcretiminde T\u00fcrkiye genelinde 3. s\u0131rada yer alarak zeytincilikteki g\u00fcc\u00fcn\u00fc bir kez daha kan\u0131tlad\u0131.<\/p>\n<p>Ayd\u0131n \u0130l Tar\u0131m ve Orman M\u00fcd\u00fcrl\u00fc\u011f\u00fc\u2019n\u00fcn 2024 T\u00dc\u0130K verilerine dayanan a\u00e7\u0131klamas\u0131na g\u00f6re, Ayd\u0131n, T\u00fcrkiye zeytincili\u011finde zirvedeki konumunu s\u00fcrd\u00fcr\u00fcyor. 27 bin 138 hektar alanda 152 bin 362 ton sofral\u0131k zeytin \u00fcretilen Ayd\u0131n, T\u00fcrkiye genelinde 3. s\u0131rada yer al\u0131nd\u0131. 125 bin 756 hektar alanda ger\u00e7ekle\u015ftirilen 365 bin 125 tonluk ya\u011fl\u0131k zeytin \u00fcretimiyle de Ayd\u0131n, yine T\u00fcrkiye 3\u2019\u00fcnc\u00fcl\u00fc\u011f\u00fcn\u00fc elde etti. Toplamda 25 milyon 110 bin 538 zeytin a\u011fac\u0131na sahip olan Ayd\u0131n, \u00fclke genelinde sofral\u0131k zeytin \u00fcretiminin y\u00fczde 13\u2019\u00fcn\u00fc, ya\u011fl\u0131k zeytin \u00fcretiminin ise y\u00fczde 14\u2019\u00fcn\u00fc kar\u015f\u0131l\u0131yor. Zeytincili\u011fin s\u00fcrd\u00fcr\u00fclebilirli\u011fini desteklemek amac\u0131yla Ayd\u0131n \u0130l Tar\u0131m ve Orman M\u00fcd\u00fcrl\u00fc\u011f\u00fc koordinesinde y\u00fcr\u00fct\u00fclen Tar\u0131m Arazilerinin Kullan\u0131m\u0131n\u0131n Etkinle\u015ftirilmesi (TAKE) Projesi kapsam\u0131nda bu y\u0131l 15 bin adet zeytin fidan\u0131 \u00fcreticilere da\u011f\u0131t\u0131ld\u0131.<\/p>\n<p>Zeytin \u00fcr\u00fcnleri ulusal ve uluslararas\u0131 d\u00fczeyde de tescillenmi\u015f durumda olan Ayd\u0131n\u2019da, Ayd\u0131n Memecik Zeytini ve Ayd\u0131n Memecik Zeytinya\u011f\u0131 Avrupa Birli\u011fi taraf\u0131ndan da tescillenirken, Ayd\u0131n Yamalak Sar\u0131s\u0131 Zeytini co\u011frafi i\u015faretli \u00fcr\u00fcnler aras\u0131nda yer al\u0131yor.<\/p>\n<p>Ba\u015far\u0131lar\u0131n hem \u00fcretici eme\u011finin hem de ilin tar\u0131msal potansiyelinin bir g\u00f6stergesi oldu\u011funu belirten Ayd\u0131n \u0130l Tar\u0131m ve Orman M\u00fcd\u00fcrl\u00fc\u011f\u00fc, yapt\u0131\u011f\u0131 a\u00e7\u0131klamada &#8220;Ayd\u0131n\u2019\u0131n zeytincilikteki konumu gurur veriyor. \u0130limiz, 2024 T\u00dc\u0130K verilerine g\u00f6re T\u00fcrkiye zeytincili\u011finde zirvede yer al\u0131yor. T\u00fcrkiye sofral\u0131k zeytin \u00fcretiminin y\u00fczde 13\u2019\u00fc, ya\u011fl\u0131k zeytin \u00fcretiminin ise y\u00fczde 14\u2019\u00fc ilimizde \u00fcretilmi\u015ftir. TAKE Projesi kapsam\u0131nda bu y\u0131l 15 bin adet zeytin fidan\u0131 da\u011f\u0131t\u0131m\u0131 ger\u00e7ekle\u015ftirdik. Ayd\u0131n Memecik Zeytini ve Ayd\u0131n Memecik Zeytinya\u011f\u0131\u2019n\u0131n AB tescilli, Ayd\u0131n Yamalak Sar\u0131s\u0131 Zeytini\u2019nin ise co\u011frafi i\u015faretli \u00fcr\u00fcnlerimiz aras\u0131nda yer almas\u0131, bu ba\u015far\u0131y\u0131 ta\u00e7land\u0131rmaktad\u0131r&#8221; ifadeleri yer ald\u0131.<br \/><\/p>\n","protected":false},"excerpt":{"rendered":"<p>\u00d6nemli tar\u0131m kentlerinden olan Ayd\u0131n, hem sofral\u0131k hem de ya\u011fl\u0131k zeytin \u00fcretiminde T\u00fcrkiye genelinde 3. s\u0131rada yer alarak zeytincilikteki g\u00fcc\u00fcn\u00fc bir kez daha kan\u0131tlad\u0131. Ayd\u0131n \u0130l Tar\u0131m ve Orman M\u00fcd\u00fcrl\u00fc\u011f\u00fc\u2019n\u00fcn 2024 T\u00dc\u0130K verilerine dayanan a\u00e7\u0131klamas\u0131na g\u00f6re, Ayd\u0131n, T\u00fcrkiye zeytincili\u011finde zirvedeki konumunu s\u00fcrd\u00fcr\u00fcyor. 27 bin 138 hektar alanda 152 bin 362 ton sofral\u0131k zeytin \u00fcretilen Ayd\u0131n,&#8230;<\/p>\n","protected":false},"author":1,"featured_media":60546,"comment_status":"open","ping_status":"open","sticky":false,"template":"","format":"standard","meta":{"_crdt_document":"","footnotes":""},"categories":[125],"tags":[],"class_list":["post-60545","post","type-post","status-publish","format-standard","has-post-thumbnail","hentry","category-ekonomi"],"_links":{"self":[{"href":"https:\/\/www.egemtv.com\/index.php?rest_route=\/wp\/v2\/posts\/60545","targetHints":{"allow":["GET"]}}],"collection":[{"href":"https:\/\/www.egemtv.com\/index.php?rest_route=\/wp\/v2\/posts"}],"about":[{"href":"https:\/\/www.egemtv.com\/index.php?rest_route=\/wp\/v2\/types\/post"}],"author":[{"embeddable":true,"href":"https:\/\/www.egemtv.com\/index.php?rest_route=\/wp\/v2\/users\/1"}],"replies":[{"embeddable":true,"href":"https:\/\/www.egemtv.com\/index.php?rest_route=%2Fwp%2Fv2%2Fcomments&post=60545"}],"version-history":[{"count":1,"href":"https:\/\/www.egemtv.com\/index.php?rest_route=\/wp\/v2\/posts\/60545\/revisions"}],"predecessor-version":[{"id":60547,"href":"https:\/\/www.egemtv.com\/index.php?rest_route=\/wp\/v2\/posts\/60545\/revisions\/60547"}],"wp:featuredmedia":[{"embeddable":true,"href":"https:\/\/www.egemtv.com\/index.php?rest_route=\/wp\/v2\/media\/60546"}],"wp:attachment":[{"href":"https:\/\/www.egemtv.com\/index.php?rest_route=%2Fwp%2Fv2%2Fmedia&parent=60545"}],"wp:term":[{"taxonomy":"category","embeddable":true,"href":"https:\/\/www.egemtv.com\/index.php?rest_route=%2Fwp%2Fv2%2Fcategories&post=60545"},{"taxonomy":"post_tag","embeddable":true,"href":"https:\/\/www.egemtv.com\/index.php?rest_route=%2Fwp%2Fv2%2Ftags&post=60545"}],"curies":[{"name":"wp","href":"https:\/\/api.w.org\/{rel}","templated":true}]}}