{"id":60539,"date":"2025-10-10T13:14:48","date_gmt":"2025-10-10T10:14:48","guid":{"rendered":"https:\/\/www.egemtv.com\/?p=60539"},"modified":"2025-10-10T13:14:49","modified_gmt":"2025-10-10T10:14:49","slug":"marmariste-yazdan-kalma-gunler","status":"publish","type":"post","link":"https:\/\/www.egemtv.com\/?p=60539","title":{"rendered":"Marmaris\u2019te yazdan kalma g\u00fcnler"},"content":{"rendered":"<p>Mu\u011fla\u2019n\u0131n Marmaris il\u00e7esinde yaz devam ediyor. \u0130l\u00e7ede sokaklarda yazl\u0131k k\u0131yafetlerle gezenler ve denize girenler dikkat \u00e7ekiyor.<\/p>\n<p>Yerli ve yabanc\u0131 turistlerin yo\u011fun ilgi g\u00f6sterdi\u011fi T\u00fcrkiye\u2019nin incisi Marmaris\u2019te hava s\u0131cakl\u0131klar\u0131 22 ile 27 derece aras\u0131nda hissediliyor. Marmaris Halk plaj\u0131nda denize girenler, deniz suyunun hala s\u0131cak oldu\u011funu belirtiyor. Rusya\u2019dan tatile geldi\u011fini s\u00f6yleyen bir turist, &#8220;Marmaris\u2019te hava \u00e7ok g\u00fczel, denize h\u00e2l\u00e2 girebildi\u011fimiz i\u00e7in kendimizi \u015fansl\u0131 hissediyoruz.&#8221; dedi.<\/p>\n<p>Hava s\u0131cakl\u0131klar\u0131n\u0131n bir hafta daha bu \u015fekilde s\u00fcrece\u011fi \u00f6\u011frenildi.<br \/><\/p>\n","protected":false},"excerpt":{"rendered":"<p>Mu\u011fla\u2019n\u0131n Marmaris il\u00e7esinde yaz devam ediyor. \u0130l\u00e7ede sokaklarda yazl\u0131k k\u0131yafetlerle gezenler ve denize girenler dikkat \u00e7ekiyor. Yerli ve yabanc\u0131 turistlerin yo\u011fun ilgi g\u00f6sterdi\u011fi T\u00fcrkiye\u2019nin incisi Marmaris\u2019te hava s\u0131cakl\u0131klar\u0131 22 ile 27 derece aras\u0131nda hissediliyor. Marmaris Halk plaj\u0131nda denize girenler, deniz suyunun hala s\u0131cak oldu\u011funu belirtiyor. Rusya\u2019dan tatile geldi\u011fini s\u00f6yleyen bir turist, &#8220;Marmaris\u2019te hava \u00e7ok g\u00fczel,&#8230;<\/p>\n","protected":false},"author":1,"featured_media":60540,"comment_status":"open","ping_status":"open","sticky":false,"template":"","format":"standard","meta":{"_crdt_document":"","footnotes":""},"categories":[1],"tags":[],"class_list":["post-60539","post","type-post","status-publish","format-standard","has-post-thumbnail","hentry","category-guncel"],"_links":{"self":[{"href":"https:\/\/www.egemtv.com\/index.php?rest_route=\/wp\/v2\/posts\/60539","targetHints":{"allow":["GET"]}}],"collection":[{"href":"https:\/\/www.egemtv.com\/index.php?rest_route=\/wp\/v2\/posts"}],"about":[{"href":"https:\/\/www.egemtv.com\/index.php?rest_route=\/wp\/v2\/types\/post"}],"author":[{"embeddable":true,"href":"https:\/\/www.egemtv.com\/index.php?rest_route=\/wp\/v2\/users\/1"}],"replies":[{"embeddable":true,"href":"https:\/\/www.egemtv.com\/index.php?rest_route=%2Fwp%2Fv2%2Fcomments&post=60539"}],"version-history":[{"count":1,"href":"https:\/\/www.egemtv.com\/index.php?rest_route=\/wp\/v2\/posts\/60539\/revisions"}],"predecessor-version":[{"id":60541,"href":"https:\/\/www.egemtv.com\/index.php?rest_route=\/wp\/v2\/posts\/60539\/revisions\/60541"}],"wp:featuredmedia":[{"embeddable":true,"href":"https:\/\/www.egemtv.com\/index.php?rest_route=\/wp\/v2\/media\/60540"}],"wp:attachment":[{"href":"https:\/\/www.egemtv.com\/index.php?rest_route=%2Fwp%2Fv2%2Fmedia&parent=60539"}],"wp:term":[{"taxonomy":"category","embeddable":true,"href":"https:\/\/www.egemtv.com\/index.php?rest_route=%2Fwp%2Fv2%2Fcategories&post=60539"},{"taxonomy":"post_tag","embeddable":true,"href":"https:\/\/www.egemtv.com\/index.php?rest_route=%2Fwp%2Fv2%2Ftags&post=60539"}],"curies":[{"name":"wp","href":"https:\/\/api.w.org\/{rel}","templated":true}]}}