{"id":60536,"date":"2025-10-10T12:54:43","date_gmt":"2025-10-10T09:54:43","guid":{"rendered":"https:\/\/www.egemtv.com\/?p=60536"},"modified":"2025-10-10T12:54:44","modified_gmt":"2025-10-10T09:54:44","slug":"menemende-10-bin-ogrenciye-dijital-egitim-paketi-destegi","status":"publish","type":"post","link":"https:\/\/www.egemtv.com\/?p=60536","title":{"rendered":"Menemen\u2019de 10 bin \u00f6\u011frenciye dijital e\u011fitim paketi deste\u011fi"},"content":{"rendered":"<p>Menemen Belediyesi taraf\u0131ndan il\u00e7e genelinde lise ve \u00fcniversite s\u0131navlar\u0131na girecek olan 8 ve 12. s\u0131n\u0131flara tam 10 bin adet dijital e\u011fitim paketi da\u011f\u0131t\u0131ld\u0131. Menemen Belediye Ba\u015fkan\u0131 Ayd\u0131n Pehlivan, &#8220;Hedefimiz yar\u0131nlarda gururla \u2019Ben Menemenliyim\u2019 diyecek olan bilim insanlar\u0131, sanat\u00e7\u0131lar, doktor ve m\u00fchendisler yeti\u015ftirebilmektir.&#8221; dedi.<br \/>\n<br \/>Menemen Belediyesi, lise ve \u00fcniversite s\u0131nav\u0131na girecek \u00f6\u011frencileri yaln\u0131z b\u0131rakm\u0131yor. 2023 y\u0131l\u0131nda ba\u015flayan ve bug\u00fcne kadar 20 bine yak\u0131n \u00f6\u011frencinin faydaland\u0131\u011f\u0131 dijital e\u011fitim paketleri, bu y\u0131l da il\u00e7e genelinde 8 ve 12. s\u0131n\u0131f \u00f6\u011frencilerine da\u011f\u0131t\u0131ld\u0131. Yakla\u015f\u0131k 10 bin \u00f6\u011frenciye da\u011f\u0131t\u0131lan ve i\u00e7inde zengin i\u00e7erikleriyle konu anlat\u0131m\u0131ndan soru bankas\u0131na kadar \u00f6\u011frencilerin s\u0131nav s\u00fcrecinde ihtiya\u00e7 duyaca\u011f\u0131 bir\u00e7ok i\u00e7eri\u011fin bulundu\u011fu dijital e\u011fitim paketleri, hem \u00f6\u011frencilerin hem de ebeveynlerin y\u00fcz\u00fcn\u00fc g\u00fcld\u00fcrd\u00fc. Ayr\u0131ca ebeveynler s\u0131nav s\u00fcrecinde konu anlat\u0131mlar\u0131 ve soru bankalar\u0131na evlatlar\u0131n\u0131n \u00fccretsiz bir \u015fekilde ula\u015fmas\u0131ndan mutlu olurken \u00f6\u011frencileriyse \u00e7ekili\u015f heyecan\u0131 sard\u0131. Ge\u00e7ti\u011fimiz y\u0131l oldu\u011fu gibi bu y\u0131l da dijital e\u011fitim paketi kullanan \u00f6\u011frencilere her ay \u00e7ekili\u015fle tablet hediye edilecek.<\/p>\n<p>E\u011fitim yat\u0131r\u0131mlar\u0131na devam<br \/>\n<br \/>Menemen Belediye Ba\u015fkan\u0131 Ayd\u0131n Pehlivan\u2019\u0131n g\u00f6reve gelmesiyle birlikte stratejik olarak k\u0131rm\u0131z\u0131 \u00e7izgi olarak belirlenen e\u011fitim yard\u0131mlar\u0131, bug\u00fcne dek il\u00e7ede on binlerce \u00f6\u011frenciye dokundu. Ba\u015fkan Pehlivan\u2019\u0131n g\u00f6reve gelmesiyle birlikte kurdelesini keserek a\u00e7\u0131l\u0131\u015f\u0131n\u0131 yapt\u0131\u011f\u0131 ilk tesisin anaokulu olmas\u0131n\u0131n ard\u0131ndan, MEBGEM\u2019in \u015fube say\u0131s\u0131 3\u2019e \u00e7\u0131kar\u0131ld\u0131 ve \u00f6\u011fretmen say\u0131s\u0131 ile kapasitesi artt\u0131r\u0131ld\u0131. \u00dcniversite s\u0131navlar\u0131na girecek t\u00fcm \u00f6\u011frencilerin belediyeye yapt\u0131klar\u0131 ba\u015fvurularla s\u0131nav har\u00e7lar\u0131 \u00f6denirken, ilkokul birinci s\u0131n\u0131ftan \u00fcniversiteden yeni mezun olanlara kadar yap\u0131lan k\u0131rtasiye yard\u0131m\u0131 ve destekler, vatanda\u015flardan tam not ald\u0131. Ayr\u0131ca okullar\u0131n boya ve tadilat i\u015fleri, unutulan oyunlar\u0131n ya\u015fat\u0131lmas\u0131 i\u00e7in okul bah\u00e7elerinde yap\u0131lan boyamalar, e\u011flendirirken \u00f6\u011freten ve T\u00fcrkiye\u2019nin en b\u00fcy\u00fc\u011f\u00fc olan tematik \u00e7ocuk oyun k\u00f6y\u00fc gibi bir\u00e7ok hizmet de aileleri ve \u00f6\u011frencileri mutlu etti. \u00d6te yandan tamam\u0131 \u00fccretsiz spor ve k\u00fclt\u00fcr kurslar\u0131 da b\u00fcy\u00fck memnuniyet yaratmaya devam ediyor.<\/p>\n<p>&#8220;Hedefimiz bilim insanlar\u0131n\u0131n yeti\u015fti\u011fi bir Menemen&#8221;<br \/>\n<br \/>Menemen\u2019deki e\u011fitim yat\u0131r\u0131mlar\u0131n\u0131 de\u011ferlendiren Menemen Belediye Ba\u015fkan\u0131 Ayd\u0131n Pehlivan, &#8220;\u0130l\u00e7emizde g\u00f6reve ba\u015flad\u0131\u011f\u0131m\u0131zda kendimize e\u011fitimde bir hedef belirledik. Bu hedef, Menemenli nice bilim insan\u0131n\u0131n, sanat\u00e7\u0131n\u0131n, doktor ve m\u00fchendislerin yeti\u015fmesi hedefidir. Hedefimiz yar\u0131nlarda \u00fcniversitelerde, teknoparklarda, teknoloji \u015firketlerinde, k\u00fclt\u00fcr merkezlerinde gururla \u2019Ben Menemenliyim\u2019 diyecek nesiller olmas\u0131. Bu hedefe varabilmek i\u00e7in t\u00fcm g\u00fcc\u00fcm\u00fczle \u00e7al\u0131\u015fmaya devam edece\u011fiz. Yap\u0131m\u0131 h\u0131zla devam eden k\u00fct\u00fcphanelerimizi tamamlad\u0131\u011f\u0131m\u0131zda, buralar birer bina de\u011fil, adeta e\u011fitim \u00fcss\u00fc olacak. Ayr\u0131ca bu ay a\u00e7\u0131l\u0131\u015f\u0131n\u0131 yapaca\u011f\u0131m\u0131z dijital deneyim m\u00fczesi olan Atat\u00fcrk ve Kurtulu\u015f Sava\u015f\u0131 M\u00fczesi de, evlatlar\u0131m\u0131z\u0131n tarih e\u011fitimi i\u00e7in \u00f6nemli bir merkez olacak.&#8221; dedi.<br \/><\/p>\n","protected":false},"excerpt":{"rendered":"<p>Menemen Belediyesi taraf\u0131ndan il\u00e7e genelinde lise ve \u00fcniversite s\u0131navlar\u0131na girecek olan 8 ve 12. s\u0131n\u0131flara tam 10 bin adet dijital e\u011fitim paketi da\u011f\u0131t\u0131ld\u0131. Menemen Belediye Ba\u015fkan\u0131 Ayd\u0131n Pehlivan, &#8220;Hedefimiz yar\u0131nlarda gururla \u2019Ben Menemenliyim\u2019 diyecek olan bilim insanlar\u0131, sanat\u00e7\u0131lar, doktor ve m\u00fchendisler yeti\u015ftirebilmektir.&#8221; dedi. Menemen Belediyesi, lise ve \u00fcniversite s\u0131nav\u0131na girecek \u00f6\u011frencileri yaln\u0131z b\u0131rakm\u0131yor. 2023 y\u0131l\u0131nda&#8230;<\/p>\n","protected":false},"author":1,"featured_media":60537,"comment_status":"open","ping_status":"open","sticky":false,"template":"","format":"standard","meta":{"_crdt_document":"","footnotes":""},"categories":[1],"tags":[],"class_list":["post-60536","post","type-post","status-publish","format-standard","has-post-thumbnail","hentry","category-guncel"],"_links":{"self":[{"href":"https:\/\/www.egemtv.com\/index.php?rest_route=\/wp\/v2\/posts\/60536","targetHints":{"allow":["GET"]}}],"collection":[{"href":"https:\/\/www.egemtv.com\/index.php?rest_route=\/wp\/v2\/posts"}],"about":[{"href":"https:\/\/www.egemtv.com\/index.php?rest_route=\/wp\/v2\/types\/post"}],"author":[{"embeddable":true,"href":"https:\/\/www.egemtv.com\/index.php?rest_route=\/wp\/v2\/users\/1"}],"replies":[{"embeddable":true,"href":"https:\/\/www.egemtv.com\/index.php?rest_route=%2Fwp%2Fv2%2Fcomments&post=60536"}],"version-history":[{"count":1,"href":"https:\/\/www.egemtv.com\/index.php?rest_route=\/wp\/v2\/posts\/60536\/revisions"}],"predecessor-version":[{"id":60538,"href":"https:\/\/www.egemtv.com\/index.php?rest_route=\/wp\/v2\/posts\/60536\/revisions\/60538"}],"wp:featuredmedia":[{"embeddable":true,"href":"https:\/\/www.egemtv.com\/index.php?rest_route=\/wp\/v2\/media\/60537"}],"wp:attachment":[{"href":"https:\/\/www.egemtv.com\/index.php?rest_route=%2Fwp%2Fv2%2Fmedia&parent=60536"}],"wp:term":[{"taxonomy":"category","embeddable":true,"href":"https:\/\/www.egemtv.com\/index.php?rest_route=%2Fwp%2Fv2%2Fcategories&post=60536"},{"taxonomy":"post_tag","embeddable":true,"href":"https:\/\/www.egemtv.com\/index.php?rest_route=%2Fwp%2Fv2%2Ftags&post=60536"}],"curies":[{"name":"wp","href":"https:\/\/api.w.org\/{rel}","templated":true}]}}