{"id":60533,"date":"2025-10-10T12:54:41","date_gmt":"2025-10-10T09:54:41","guid":{"rendered":"https:\/\/www.egemtv.com\/?p=60533"},"modified":"2025-10-10T12:54:42","modified_gmt":"2025-10-10T09:54:42","slug":"aydin-gasagini-korumak-icin-toplandilar","status":"publish","type":"post","link":"https:\/\/www.egemtv.com\/?p=60533","title":{"rendered":"Ayd\u0131n Ga\u015fa\u011f\u0131\u2019n\u0131 korumak i\u00e7in topland\u0131lar"},"content":{"rendered":"<p>Ku\u015fadas\u0131nda ya\u015fayan ve Nesli Tehlike alt\u0131nda olan Ayd\u0131n Ga\u015fa\u011f\u0131 (Rhaponticoides mykalea) bitkisini korumak ve neslinin devam\u0131n\u0131 sa\u011flamak amac\u0131yla, Ayd\u0131n Do\u011fa Koruma ve Milli Parklar M\u00fcd\u00fcrl\u00fc\u011f\u00fc, Adnan Menderes \u00dcniversitesi ve Ku\u015fadas\u0131 Belediye Ba\u015fkanl\u0131\u011f\u0131 i\u015fbirli\u011fi ile y\u00fcr\u00fct\u00fclen &#8220;Ayd\u0131n Ga\u015fa\u011f\u0131 Eylem Plan\u0131 (2018-2023)&#8221; tamamland\u0131.<\/p>\n<p>Ayd\u0131n Ga\u015fa\u011f\u0131 (T\u00fcl\u00fc\u015fah) T\u00fcr Koruma Eylem Plan\u0131, Do\u011fa Koruma ve Milli Parklar Genel M\u00fcd\u00fcrl\u00fc\u011f\u00fc taraf\u0131ndan 2016-2020 y\u0131llar\u0131 aras\u0131nda haz\u0131rlanan 200 adet T\u00fcr Eylem Plan\u0131 i\u00e7inde Uygulamada Ba\u015far\u0131l\u0131 10 Eylem Plan\u0131 i\u00e7inde g\u00f6sterilerek ve be\u015f y\u0131l s\u00fcre (2024-2028) ile Eylem Plan\u0131 \u00e7al\u0131\u015fmalar\u0131na devam edilmesi karar\u0131 al\u0131nd\u0131.<\/p>\n<p>Ayd\u0131n Ga\u015fa\u011f\u0131 T\u00fcr Eylem Plan\u0131\u2019na g\u00f6re bug\u00fcne kadar yap\u0131lan \u00e7al\u0131\u015fmalar ve elde edilen sonu\u00e7lar Ku\u015fadas\u0131 Kaymakam\u0131 \u0130brahim Keklik Ba\u015fkanl\u0131\u011f\u0131\u2019nda, Ku\u015fadas\u0131 Kurum Kurulu\u015f ve Sivil Toplum \u00d6rg\u00fctlerinin kat\u0131ld\u0131\u011f\u0131 toplant\u0131da de\u011ferlendirilirken, 2024-2028 y\u0131llar\u0131 aras\u0131nda yap\u0131lmas\u0131 gereken \u00e7al\u0131\u015fmalar ve kurumlar aras\u0131 i\u015fbirli\u011finin \u00f6nemi vurguland\u0131.<br \/><\/p>\n","protected":false},"excerpt":{"rendered":"<p>Ku\u015fadas\u0131nda ya\u015fayan ve Nesli Tehlike alt\u0131nda olan Ayd\u0131n Ga\u015fa\u011f\u0131 (Rhaponticoides mykalea) bitkisini korumak ve neslinin devam\u0131n\u0131 sa\u011flamak amac\u0131yla, Ayd\u0131n Do\u011fa Koruma ve Milli Parklar M\u00fcd\u00fcrl\u00fc\u011f\u00fc, Adnan Menderes \u00dcniversitesi ve Ku\u015fadas\u0131 Belediye Ba\u015fkanl\u0131\u011f\u0131 i\u015fbirli\u011fi ile y\u00fcr\u00fct\u00fclen &#8220;Ayd\u0131n Ga\u015fa\u011f\u0131 Eylem Plan\u0131 (2018-2023)&#8221; tamamland\u0131. Ayd\u0131n Ga\u015fa\u011f\u0131 (T\u00fcl\u00fc\u015fah) T\u00fcr Koruma Eylem Plan\u0131, Do\u011fa Koruma ve Milli Parklar Genel M\u00fcd\u00fcrl\u00fc\u011f\u00fc&#8230;<\/p>\n","protected":false},"author":1,"featured_media":60534,"comment_status":"open","ping_status":"open","sticky":false,"template":"","format":"standard","meta":{"_crdt_document":"","footnotes":""},"categories":[1],"tags":[],"class_list":["post-60533","post","type-post","status-publish","format-standard","has-post-thumbnail","hentry","category-guncel"],"_links":{"self":[{"href":"https:\/\/www.egemtv.com\/index.php?rest_route=\/wp\/v2\/posts\/60533","targetHints":{"allow":["GET"]}}],"collection":[{"href":"https:\/\/www.egemtv.com\/index.php?rest_route=\/wp\/v2\/posts"}],"about":[{"href":"https:\/\/www.egemtv.com\/index.php?rest_route=\/wp\/v2\/types\/post"}],"author":[{"embeddable":true,"href":"https:\/\/www.egemtv.com\/index.php?rest_route=\/wp\/v2\/users\/1"}],"replies":[{"embeddable":true,"href":"https:\/\/www.egemtv.com\/index.php?rest_route=%2Fwp%2Fv2%2Fcomments&post=60533"}],"version-history":[{"count":1,"href":"https:\/\/www.egemtv.com\/index.php?rest_route=\/wp\/v2\/posts\/60533\/revisions"}],"predecessor-version":[{"id":60535,"href":"https:\/\/www.egemtv.com\/index.php?rest_route=\/wp\/v2\/posts\/60533\/revisions\/60535"}],"wp:featuredmedia":[{"embeddable":true,"href":"https:\/\/www.egemtv.com\/index.php?rest_route=\/wp\/v2\/media\/60534"}],"wp:attachment":[{"href":"https:\/\/www.egemtv.com\/index.php?rest_route=%2Fwp%2Fv2%2Fmedia&parent=60533"}],"wp:term":[{"taxonomy":"category","embeddable":true,"href":"https:\/\/www.egemtv.com\/index.php?rest_route=%2Fwp%2Fv2%2Fcategories&post=60533"},{"taxonomy":"post_tag","embeddable":true,"href":"https:\/\/www.egemtv.com\/index.php?rest_route=%2Fwp%2Fv2%2Ftags&post=60533"}],"curies":[{"name":"wp","href":"https:\/\/api.w.org\/{rel}","templated":true}]}}