{"id":60530,"date":"2025-10-10T12:35:00","date_gmt":"2025-10-10T09:35:00","guid":{"rendered":"https:\/\/www.egemtv.com\/?p=60530"},"modified":"2025-10-10T12:35:01","modified_gmt":"2025-10-10T09:35:01","slug":"yunusemrede-kis-spor-okulu-kayitlari","status":"publish","type":"post","link":"https:\/\/www.egemtv.com\/?p=60530","title":{"rendered":"Yunusemre\u2019de k\u0131\u015f spor okulu kay\u0131tlar\u0131"},"content":{"rendered":"<p>Yunusemre Belediyespor\u2019un K\u0131\u015f Spor Okulu kay\u0131tlar\u0131 ba\u015flad\u0131. Futbol, y\u00fczme, voleybol ve jimnastik bran\u015flar\u0131nda a\u00e7\u0131lan kurslarla \u00e7ocuklar k\u0131\u015f boyunca spordan kopmayacak.<br \/>\n<br \/>Manisa\u2019da amat\u00f6r bran\u015flara ve sporun tabana yay\u0131lmas\u0131na b\u00fcy\u00fck \u00f6nem veren Yunusemre Belediyespor, her y\u0131l oldu\u011fu gibi bu k\u0131\u015f da \u00e7ocuklar\u0131n sporla bulu\u015fmas\u0131 i\u00e7in kap\u0131lar\u0131n\u0131 a\u00e7\u0131yor. K\u0131\u015f Spor Okulu kay\u0131tlar\u0131 ba\u015flad\u0131. Futbol, y\u00fczme, voleybol ve jimnastik bran\u015flar\u0131nda a\u00e7\u0131lan kurslara yo\u011fun ilgi bekleniyor. K\u0131\u015f d\u00f6neminde \u00e7ocuklar\u0131n hem fiziksel hem sosyal geli\u015fimlerine katk\u0131 sa\u011flayacak program kapsam\u0131nda; futbol bran\u015f\u0131 5-12 ya\u015f grubuna, y\u00fczme bran\u015f\u0131 6-14 ya\u015f grubuna, voleybol bran\u015f\u0131 8-14 ya\u015f grubuna, jimnastik bran\u015f\u0131 ise 5-10 ya\u015f grubuna hitap edecek. Yunusemre Belediyespor Kul\u00fcp Ba\u015fkan\u0131 B\u00fclent Kanik yapt\u0131\u011f\u0131 a\u00e7\u0131klamada, \u00e7ocuklar\u0131n sporla i\u00e7 i\u00e7e bir ya\u015fam s\u00fcrmesinin \u00f6nemine dikkat \u00e7ekti. Ba\u015fkan Kanik a\u00e7\u0131klamas\u0131nda \u015fu ifadelere yer verdi: &#8220;Yunusemre Belediyespor olarak hedefimiz, \u00e7ocuklar\u0131m\u0131z\u0131n sporu hayatlar\u0131n\u0131n bir par\u00e7as\u0131 haline getirmesidir. K\u0131\u015f Spor Okulumuzla birlikte \u00e7ocuklar\u0131m\u0131z hem e\u011flenecek hem de sa\u011fl\u0131kl\u0131 bir \u015fekilde geli\u015fimlerini s\u00fcrd\u00fcrecekler. Her y\u0131l binlerce \u00e7ocu\u011fumuza ula\u015f\u0131yoruz, bu y\u0131l da ayn\u0131 heyecanla yola \u00e7\u0131kt\u0131k. T\u00fcm velilerimizi, \u00e7ocuklar\u0131n\u0131 spora kazand\u0131rmaya davet ediyoruz. Vatanda\u015flar, kurslar hakk\u0131nda detayl\u0131 bilgi almak i\u00e7in 444 62 09 numaral\u0131 hatt\u0131 arayabilir&#8221;<br \/><\/p>\n","protected":false},"excerpt":{"rendered":"<p>Yunusemre Belediyespor\u2019un K\u0131\u015f Spor Okulu kay\u0131tlar\u0131 ba\u015flad\u0131. Futbol, y\u00fczme, voleybol ve jimnastik bran\u015flar\u0131nda a\u00e7\u0131lan kurslarla \u00e7ocuklar k\u0131\u015f boyunca spordan kopmayacak. Manisa\u2019da amat\u00f6r bran\u015flara ve sporun tabana yay\u0131lmas\u0131na b\u00fcy\u00fck \u00f6nem veren Yunusemre Belediyespor, her y\u0131l oldu\u011fu gibi bu k\u0131\u015f da \u00e7ocuklar\u0131n sporla bulu\u015fmas\u0131 i\u00e7in kap\u0131lar\u0131n\u0131 a\u00e7\u0131yor. K\u0131\u015f Spor Okulu kay\u0131tlar\u0131 ba\u015flad\u0131. Futbol, y\u00fczme, voleybol ve jimnastik&#8230;<\/p>\n","protected":false},"author":1,"featured_media":60531,"comment_status":"open","ping_status":"open","sticky":false,"template":"","format":"standard","meta":{"_crdt_document":"","footnotes":""},"categories":[4],"tags":[],"class_list":["post-60530","post","type-post","status-publish","format-standard","has-post-thumbnail","hentry","category-spor"],"_links":{"self":[{"href":"https:\/\/www.egemtv.com\/index.php?rest_route=\/wp\/v2\/posts\/60530","targetHints":{"allow":["GET"]}}],"collection":[{"href":"https:\/\/www.egemtv.com\/index.php?rest_route=\/wp\/v2\/posts"}],"about":[{"href":"https:\/\/www.egemtv.com\/index.php?rest_route=\/wp\/v2\/types\/post"}],"author":[{"embeddable":true,"href":"https:\/\/www.egemtv.com\/index.php?rest_route=\/wp\/v2\/users\/1"}],"replies":[{"embeddable":true,"href":"https:\/\/www.egemtv.com\/index.php?rest_route=%2Fwp%2Fv2%2Fcomments&post=60530"}],"version-history":[{"count":1,"href":"https:\/\/www.egemtv.com\/index.php?rest_route=\/wp\/v2\/posts\/60530\/revisions"}],"predecessor-version":[{"id":60532,"href":"https:\/\/www.egemtv.com\/index.php?rest_route=\/wp\/v2\/posts\/60530\/revisions\/60532"}],"wp:featuredmedia":[{"embeddable":true,"href":"https:\/\/www.egemtv.com\/index.php?rest_route=\/wp\/v2\/media\/60531"}],"wp:attachment":[{"href":"https:\/\/www.egemtv.com\/index.php?rest_route=%2Fwp%2Fv2%2Fmedia&parent=60530"}],"wp:term":[{"taxonomy":"category","embeddable":true,"href":"https:\/\/www.egemtv.com\/index.php?rest_route=%2Fwp%2Fv2%2Fcategories&post=60530"},{"taxonomy":"post_tag","embeddable":true,"href":"https:\/\/www.egemtv.com\/index.php?rest_route=%2Fwp%2Fv2%2Ftags&post=60530"}],"curies":[{"name":"wp","href":"https:\/\/api.w.org\/{rel}","templated":true}]}}