{"id":60527,"date":"2025-10-10T12:34:58","date_gmt":"2025-10-10T09:34:58","guid":{"rendered":"https:\/\/www.egemtv.com\/?p=60527"},"modified":"2025-10-10T12:34:59","modified_gmt":"2025-10-10T09:34:59","slug":"kahvehane-bagimlisi-karga-mahallenin-maskotu-haline-geldi","status":"publish","type":"post","link":"https:\/\/www.egemtv.com\/?p=60527","title":{"rendered":"Kahvehane ba\u011f\u0131ml\u0131s\u0131 karga mahallenin maskotu haline geldi"},"content":{"rendered":"<p>Mu\u011fla\u2019n\u0131n Dat\u00e7a il\u00e7esinde 3 ay \u00f6nce tedavi edilen karga, mahallenin maskotu haline geldi. R\u0131fk\u0131 ad\u0131 verilen sevimli karga geceleri kafeste, g\u00fcnd\u00fczleri ise kahvede vakit ge\u00e7iriyor.<br \/>\n<br \/>\u0130skele Mahallesi\u2019nde kuaf\u00f6r Ay\u015feg\u00fcl Erdem, k\u0131z\u0131n\u0131n arkada\u015f\u0131ndan bak\u0131m\u0131n\u0131 yapamad\u0131klar\u0131 i\u00e7in ald\u0131klar\u0131 yavru kargay\u0131 veterinere g\u00f6t\u00fcrerek tedavisini yapt\u0131rd\u0131. Kuyru\u011fu ve kanad\u0131n\u0131n bir k\u0131sm\u0131 olmayan karga R\u0131fk\u0131, bulundu\u011fu ortama uyum sa\u011flad\u0131. Geceleri kuaf\u00f6rdeki kafesinde kalan sevimli karga, sabah kafesinin kap\u0131s\u0131n\u0131n a\u00e7\u0131lmas\u0131 ile solu\u011fu yan taraftaki kahvehanede al\u0131yor. G\u00fcn boyunca masalar\u0131n alt\u0131nda dola\u015f\u0131p, z\u0131playarak gezen kahvehane ba\u011f\u0131ml\u0131s\u0131 karga, son m\u00fc\u015fteri kahvehaneden ayr\u0131l\u0131nca kuaf\u00f6r d\u00fckkan\u0131ndaki kafesine geri d\u00f6n\u00fcyor.<br \/>\n<br \/>Kuaf\u00f6r Ay\u015feg\u00fcl Erdem, kargay\u0131 k\u0131z\u0131n\u0131n arkada\u015f\u0131n\u0131n getirdi\u011fini ifade ederek, &#8220;Yaral\u0131yd\u0131 sa\u011f baca\u011f\u0131ndan. K\u00f6pek veya kedi \u0131s\u0131rm\u0131\u015f galiba. Onlar bakm\u0131\u015flar ama kuyruklar\u0131, kanatlar\u0131 k\u00f6t\u00fc olmu\u015f. Sonra veterinere g\u00f6t\u00fcrd\u00fck. Veteriner \u2019Kanatlar\u0131, kuyruklar\u0131 tek tek \u00e7ekilecek ki yeni kuyru\u011fu \u00e7\u0131ks\u0131n\u2019 dedi. Kuyruk k\u0131sm\u0131 bir nebze olsun yenilendi ama kanat k\u0131sm\u0131n\u0131 \u00e7ekemiyoruz. A\u015fa\u011f\u0131 yukar\u0131 3 ayd\u0131r da bizde. Geceleri kafeste, g\u00fcnd\u00fczleri de hemen a\u00e7t\u0131\u011f\u0131m\u0131z zaman f\u0131s\u0131lt\u0131ya kahveye gidiyor. Ak\u015fam\u00fczeri de son masaya kadar bekliyor, kahvehane bo\u015fald\u0131ktan sonra da d\u00fckkana geliyor&#8221; diye konu\u015ftu.<br \/>\n<br \/>Ay\u015feg\u00fcl Erdem\u2019in k\u0131z\u0131 Beril Erdem ise, annesine yard\u0131m i\u00e7in geldi\u011fi d\u00fckkanda R\u0131fk\u0131 ismini koyduklar\u0131 karga ile ilgilenmeyi \u00e7ok sevdi\u011fini belirterek, &#8220;Her sabah geldi\u011finde kafesinden \u00e7\u0131kar\u0131yoruz, sal\u0131yoruz. Yan taraf\u0131m\u0131zda kahvehane var, ko\u015ftura ko\u015ftura oraya gidiyor. B\u00fct\u00fcn g\u00fcn oradakilerle sohbet ediyor, geziyor. Ak\u015fam yine yan\u0131m\u0131za geliyor. Biraz oynuyorum, seviyorum. Sonra yine kafesine al\u0131yorum, g\u00fcnlerimiz b\u00f6yle ge\u00e7iyor. Ama \u00e7ok zeki ve ak\u0131ll\u0131. Sahibini anl\u0131yor ve seviyor. En \u00e7ok da kedi mamas\u0131n\u0131 seviyor&#8221; dedi.<br \/><\/p>\n","protected":false},"excerpt":{"rendered":"<p>Mu\u011fla\u2019n\u0131n Dat\u00e7a il\u00e7esinde 3 ay \u00f6nce tedavi edilen karga, mahallenin maskotu haline geldi. R\u0131fk\u0131 ad\u0131 verilen sevimli karga geceleri kafeste, g\u00fcnd\u00fczleri ise kahvede vakit ge\u00e7iriyor. \u0130skele Mahallesi\u2019nde kuaf\u00f6r Ay\u015feg\u00fcl Erdem, k\u0131z\u0131n\u0131n arkada\u015f\u0131ndan bak\u0131m\u0131n\u0131 yapamad\u0131klar\u0131 i\u00e7in ald\u0131klar\u0131 yavru kargay\u0131 veterinere g\u00f6t\u00fcrerek tedavisini yapt\u0131rd\u0131. Kuyru\u011fu ve kanad\u0131n\u0131n bir k\u0131sm\u0131 olmayan karga R\u0131fk\u0131, bulundu\u011fu ortama uyum sa\u011flad\u0131. Geceleri&#8230;<\/p>\n","protected":false},"author":1,"featured_media":60528,"comment_status":"open","ping_status":"open","sticky":false,"template":"","format":"standard","meta":{"_crdt_document":"","footnotes":""},"categories":[1],"tags":[],"class_list":["post-60527","post","type-post","status-publish","format-standard","has-post-thumbnail","hentry","category-guncel"],"_links":{"self":[{"href":"https:\/\/www.egemtv.com\/index.php?rest_route=\/wp\/v2\/posts\/60527","targetHints":{"allow":["GET"]}}],"collection":[{"href":"https:\/\/www.egemtv.com\/index.php?rest_route=\/wp\/v2\/posts"}],"about":[{"href":"https:\/\/www.egemtv.com\/index.php?rest_route=\/wp\/v2\/types\/post"}],"author":[{"embeddable":true,"href":"https:\/\/www.egemtv.com\/index.php?rest_route=\/wp\/v2\/users\/1"}],"replies":[{"embeddable":true,"href":"https:\/\/www.egemtv.com\/index.php?rest_route=%2Fwp%2Fv2%2Fcomments&post=60527"}],"version-history":[{"count":1,"href":"https:\/\/www.egemtv.com\/index.php?rest_route=\/wp\/v2\/posts\/60527\/revisions"}],"predecessor-version":[{"id":60529,"href":"https:\/\/www.egemtv.com\/index.php?rest_route=\/wp\/v2\/posts\/60527\/revisions\/60529"}],"wp:featuredmedia":[{"embeddable":true,"href":"https:\/\/www.egemtv.com\/index.php?rest_route=\/wp\/v2\/media\/60528"}],"wp:attachment":[{"href":"https:\/\/www.egemtv.com\/index.php?rest_route=%2Fwp%2Fv2%2Fmedia&parent=60527"}],"wp:term":[{"taxonomy":"category","embeddable":true,"href":"https:\/\/www.egemtv.com\/index.php?rest_route=%2Fwp%2Fv2%2Fcategories&post=60527"},{"taxonomy":"post_tag","embeddable":true,"href":"https:\/\/www.egemtv.com\/index.php?rest_route=%2Fwp%2Fv2%2Ftags&post=60527"}],"curies":[{"name":"wp","href":"https:\/\/api.w.org\/{rel}","templated":true}]}}