{"id":60524,"date":"2025-10-10T12:15:19","date_gmt":"2025-10-10T09:15:19","guid":{"rendered":"https:\/\/www.egemtv.com\/?p=60524"},"modified":"2025-10-10T12:15:19","modified_gmt":"2025-10-10T09:15:19","slug":"ataturkun-manisaya-gelisinin-100-yil-donumu-coskuyla-kutlandi","status":"publish","type":"post","link":"https:\/\/www.egemtv.com\/?p=60524","title":{"rendered":"Atat\u00fcrk\u2019\u00fcn Manisa\u2019ya geli\u015finin 100. y\u0131l d\u00f6n\u00fcm\u00fc co\u015fkuyla kutland\u0131"},"content":{"rendered":"<p>T\u00fcrkiye Cumhuriyeti\u2019nin Kurucusu Gazi Mustafa Kemal Atat\u00fcrk\u2019\u00fcn Cumhuriyet\u2019in ilan\u0131ndan sonra Manisa\u2019y\u0131 ilk onurland\u0131rd\u0131\u011f\u0131 g\u00fcn\u00fcn 100\u2019\u00fcnc\u00fc y\u0131l d\u00f6n\u00fcm\u00fc dolay\u0131s\u0131yla kutlama program\u0131 d\u00fczenlendi.<br \/>\n<br \/>Kutlama program\u0131 kapsam\u0131nda ilk olarak Manisa Tren Gar\u0131\u2019nda Gazi Mustafa Kemal Atat\u00fcrk\u2019\u00fc temsili kar\u015f\u0131lama t\u00f6reni yap\u0131ld\u0131. Manisa Gar\u0131\u2019na gelen trenden indirilen T\u00fcrk Bayra\u011f\u0131, \u00f6\u011frenciler taraf\u0131ndan Vali Vahdettin \u00d6zkan\u2019a takdim edildi, halk oyunlar\u0131 ekibi zeybek g\u00f6sterisi sergiledi. Vali \u00d6zkan, protokol \u00fcyeleri, \u00f6\u011frenci gruplar\u0131 ve vatanda\u015flar T\u00fcrk Bayraklar\u0131 ve bando e\u015fli\u011finde Manisa Tren Gar\u0131\u2019ndan Cumhuriyet Meydan\u0131\u2019na kadar kortej y\u00fcr\u00fcy\u00fc\u015f\u00fc ger\u00e7ekle\u015ftirdi. Ard\u0131ndan Cumhuriyet Meydan\u0131\u2019nda bulunan Atat\u00fcrk ve Milli Egemenlik An\u0131t\u0131na Manisa Valili\u011fi, Manisa Garnizon Komutanl\u0131\u011f\u0131, Manisa B\u00fcy\u00fck\u015fehir Belediyesi, siyasi parti temsilcileri taraf\u0131ndan \u00e7elenk sunuldu, \u0130stiklal Mar\u015f\u0131 okundu. Kutlama program\u0131nda \u00f6\u011frenciler \u015fiirlerini seslendirdi.<br \/>\n<br \/>T\u00f6rende Manisa B\u00fcy\u00fck\u015fehir Belediye Ba\u015fkan\u0131 Besim Dutlulu, g\u00fcn\u00fcn anlam ve \u00f6nemine ili\u015fkin bir konu\u015fma yapt\u0131. Ard\u0131ndan Atat\u00fcrk\u2019\u00fcn Manisa\u2019ya geli\u015flerinde Belediye Ba\u015fkan\u0131 olan Bahri Sar\u0131tepe\u2019nin kent ad\u0131na &#8220;Ho\u015f Geldiniz&#8221; konu\u015fmas\u0131 ve Atat\u00fcrk\u2019\u00fcn &#8220;Cevabi&#8221; konu\u015fmas\u0131 okundu.<br \/><\/p>\n","protected":false},"excerpt":{"rendered":"<p>T\u00fcrkiye Cumhuriyeti\u2019nin Kurucusu Gazi Mustafa Kemal Atat\u00fcrk\u2019\u00fcn Cumhuriyet\u2019in ilan\u0131ndan sonra Manisa\u2019y\u0131 ilk onurland\u0131rd\u0131\u011f\u0131 g\u00fcn\u00fcn 100\u2019\u00fcnc\u00fc y\u0131l d\u00f6n\u00fcm\u00fc dolay\u0131s\u0131yla kutlama program\u0131 d\u00fczenlendi. Kutlama program\u0131 kapsam\u0131nda ilk olarak Manisa Tren Gar\u0131\u2019nda Gazi Mustafa Kemal Atat\u00fcrk\u2019\u00fc temsili kar\u015f\u0131lama t\u00f6reni yap\u0131ld\u0131. Manisa Gar\u0131\u2019na gelen trenden indirilen T\u00fcrk Bayra\u011f\u0131, \u00f6\u011frenciler taraf\u0131ndan Vali Vahdettin \u00d6zkan\u2019a takdim edildi, halk oyunlar\u0131 ekibi zeybek&#8230;<\/p>\n","protected":false},"author":1,"featured_media":60525,"comment_status":"open","ping_status":"open","sticky":false,"template":"","format":"standard","meta":{"_crdt_document":"","footnotes":""},"categories":[1],"tags":[],"class_list":["post-60524","post","type-post","status-publish","format-standard","has-post-thumbnail","hentry","category-guncel"],"_links":{"self":[{"href":"https:\/\/www.egemtv.com\/index.php?rest_route=\/wp\/v2\/posts\/60524","targetHints":{"allow":["GET"]}}],"collection":[{"href":"https:\/\/www.egemtv.com\/index.php?rest_route=\/wp\/v2\/posts"}],"about":[{"href":"https:\/\/www.egemtv.com\/index.php?rest_route=\/wp\/v2\/types\/post"}],"author":[{"embeddable":true,"href":"https:\/\/www.egemtv.com\/index.php?rest_route=\/wp\/v2\/users\/1"}],"replies":[{"embeddable":true,"href":"https:\/\/www.egemtv.com\/index.php?rest_route=%2Fwp%2Fv2%2Fcomments&post=60524"}],"version-history":[{"count":1,"href":"https:\/\/www.egemtv.com\/index.php?rest_route=\/wp\/v2\/posts\/60524\/revisions"}],"predecessor-version":[{"id":60526,"href":"https:\/\/www.egemtv.com\/index.php?rest_route=\/wp\/v2\/posts\/60524\/revisions\/60526"}],"wp:featuredmedia":[{"embeddable":true,"href":"https:\/\/www.egemtv.com\/index.php?rest_route=\/wp\/v2\/media\/60525"}],"wp:attachment":[{"href":"https:\/\/www.egemtv.com\/index.php?rest_route=%2Fwp%2Fv2%2Fmedia&parent=60524"}],"wp:term":[{"taxonomy":"category","embeddable":true,"href":"https:\/\/www.egemtv.com\/index.php?rest_route=%2Fwp%2Fv2%2Fcategories&post=60524"},{"taxonomy":"post_tag","embeddable":true,"href":"https:\/\/www.egemtv.com\/index.php?rest_route=%2Fwp%2Fv2%2Ftags&post=60524"}],"curies":[{"name":"wp","href":"https:\/\/api.w.org\/{rel}","templated":true}]}}